{"id":5936,"date":"2017-10-20T18:16:00","date_gmt":"2017-10-20T18:16:00","guid":{"rendered":"http:\/\/ffyh.unc.edu.ar\/posgrado\/?p=5936"},"modified":"2017-10-20T18:16:11","modified_gmt":"2017-10-20T18:16:11","slug":"seminario-y-curso-de-posgrado-la-autobiografia-indigena-reflexiones-etnograficas","status":"publish","type":"post","link":"https:\/\/ffyh.unc.edu.ar\/posgrado\/2017\/10\/20\/seminario-y-curso-de-posgrado-la-autobiografia-indigena-reflexiones-etnograficas\/","title":{"rendered":"Seminario y Curso de Posgrado \u00abLa autobiograf\u00eda ind\u00edgena: reflexiones etnogr\u00e1ficas\u201d"},"content":{"rendered":"<p><strong><em>Dra. Zelda Franceschi &#8211; Inicia: 11 de diciembre de 2017<\/em><\/strong><!--more--><\/p>\n<p><strong><em>Maestr\u00eda en Antropolog\u00eda,\u00a0<\/em><\/strong><strong><em>Especializaci\u00f3n en Antropolog\u00eda Social\u00a0<\/em><\/strong><strong><em>y Doctorado en Ciencias Antropol\u00f3gicas<\/em><\/strong><\/p>\n<p><strong><em><br \/>\n\u201cLa autobiograf\u00eda ind\u00edgena: reflexiones etnogr\u00e1ficas<\/em><\/strong><strong><em>\u201d<\/em><\/strong><strong><em>\u00a0<\/em><\/strong><\/p>\n<p><strong><em>Dra. Zelda Franceschi<\/em><\/strong><\/p>\n<p><strong><em>\u00a0<\/em><\/strong><\/p>\n<p>El objetivo del seminario es proporcionar una visi\u00f3n hist\u00f3rica del g\u00e9nero autobiogr\u00e1fico dentro de la antropolog\u00eda, presentar los problemas te\u00f3ricos y metodol\u00f3gicos planteados por las autobiograf\u00edas de ind\u00edgenas y, particularmente, discutir c\u00f3mo la metodolog\u00eda asociada con el g\u00e9nero autobiogr\u00e1fico produjo una ruptura en la historia de la disciplina. Asimismo, para cumplir este objetivo ser\u00e1 necesario comparar el desarrollo del g\u00e9nero autobiogr\u00e1fico en la antropolog\u00eda y en la literatura.<\/p>\n<p>A lo largo del seminario se estudiar\u00e1n algunas autobiograf\u00edas ind\u00edgenas significativas para la historia de la disciplina antropol\u00f3gica, y se comparar\u00e1n esas autobiograf\u00edas\u00a0 con las investigaciones antropol\u00f3gicas moderna y contempor\u00e1nea con el fin de mostrar algunos cambios y continuidades en lo que concierne a: (a) el papel del investigador; (b) el valor del testimonio; (c) la relaci\u00f3n entre particular y general; (d) el tema de los datos\u00a0etnogr\u00e1ficos y de los hechos observados.<\/p>\n<p>&nbsp;<\/p>\n<p><strong><u>D\u00edas, horarios y lugar<\/u><\/strong><\/p>\n<p><strong>11, 12 y 13 de diciembre de 2017<\/strong><\/p>\n<p><strong>9:00 a 14:00 hs.<\/strong><\/p>\n<p><strong>Pabell\u00f3n Residencial- Ciudad Universitaria<\/strong><\/p>\n<p><strong>Carga horaria: 45hs.<\/strong><\/p>\n<p>&nbsp;<\/p>\n<p><strong>Modalidad de inscripci\u00f3n<\/strong><\/p>\n<p><strong><u>Alumnos de la Maestr\u00eda y de la Especializaci\u00f3n en Antropolog\u00eda<\/u><\/strong><strong>\u00a0<\/strong><\/p>\n<p>Para inscribirse llenar el siguiente formulario\u00a0<a href=\"https:\/\/docs.google.com\/forms\/d\/e\/1FAIpQLSeXHxDKg7HNAt-aL2uOmlBfAS2xPKAsa_3ztlXzOQFOWD9Arg\/viewform?usp=sf_link\">INSCRIPCI\u00d3N<\/a>\u00a0y presentarse el d\u00eda del cursado.<strong>\u00a0 \u00a0 \u00a0 \u00a0 \u00a0 \u00a0 \u00a0 \u00a0 \u00a0 \u00a0 \u00a0 \u00a0 \u00a0 \u00a0 \u00a0 \u00a0 \u00a0 \u00a0 \u00a0 \u00a0 \u00a0 \u00a0 \u00a0 \u00a0 \u00a0 \u00a0 \u00a0 \u00a0 \u00a0 \u00a0<\/strong><\/p>\n<p><strong><u>Alumnos externos<\/u><\/strong><br \/>\nPara inscribirse llenar el formulario\u00a0<a href=\"https:\/\/docs.google.com\/forms\/d\/e\/1FAIpQLSeXHxDKg7HNAt-aL2uOmlBfAS2xPKAsa_3ztlXzOQFOWD9Arg\/viewform?usp=sf_link\">INSCRIPCI\u00d3N<\/a>\u00a0incluyendo el n\u00famero de cuil.<\/p>\n<p>Al inicio\u00a0del curso se les enviar\u00e1n instrucciones para habilitarse y realizar el pago a trav\u00e9s de rapi-pago o en la Caja de la Facultad (Pabell\u00f3n Residencial de 11 a 17hs)<\/p>\n<p><strong>Costo del curso: $970.<\/strong><\/p>\n<p>&nbsp;<\/p>\n<p><strong>Consultas:\u00a0<a href=\"mailto:maeantro@ffyh.unc.edu.ar\">maeantro@ffyh.unc.edu.ar<\/a><\/strong><\/p>\n","protected":false},"excerpt":{"rendered":"<p>Dra. Zelda Franceschi &#8211; Inicia: 11 de diciembre de 2017<\/p>\n","protected":false},"author":5,"featured_media":0,"comment_status":"closed","ping_status":"closed","sticky":false,"template":"","format":"standard","meta":{"_acf_changed":false,"colormag_page_container_layout":"default_layout","colormag_page_sidebar_layout":"default_layout","_jetpack_memberships_contains_paid_content":false,"footnotes":""},"categories":[1],"tags":[14,17,24,46],"class_list":["post-5936","post","type-post","status-publish","format-standard","hentry","category-novedades","tag-curso-de-doctorado","tag-cursos-de-posgrado","tag-doctorado-en-cs-antropologicas","tag-maestria-en-antropologia"],"acf":[],"jetpack_featured_media_url":"","jetpack_sharing_enabled":true,"_links":{"self":[{"href":"https:\/\/ffyh.unc.edu.ar\/posgrado\/wp-json\/wp\/v2\/posts\/5936","targetHints":{"allow":["GET"]}}],"collection":[{"href":"https:\/\/ffyh.unc.edu.ar\/posgrado\/wp-json\/wp\/v2\/posts"}],"about":[{"href":"https:\/\/ffyh.unc.edu.ar\/posgrado\/wp-json\/wp\/v2\/types\/post"}],"author":[{"embeddable":true,"href":"https:\/\/ffyh.unc.edu.ar\/posgrado\/wp-json\/wp\/v2\/users\/5"}],"replies":[{"embeddable":true,"href":"https:\/\/ffyh.unc.edu.ar\/posgrado\/wp-json\/wp\/v2\/comments?post=5936"}],"version-history":[{"count":1,"href":"https:\/\/ffyh.unc.edu.ar\/posgrado\/wp-json\/wp\/v2\/posts\/5936\/revisions"}],"predecessor-version":[{"id":5937,"href":"https:\/\/ffyh.unc.edu.ar\/posgrado\/wp-json\/wp\/v2\/posts\/5936\/revisions\/5937"}],"wp:attachment":[{"href":"https:\/\/ffyh.unc.edu.ar\/posgrado\/wp-json\/wp\/v2\/media?parent=5936"}],"wp:term":[{"taxonomy":"category","embeddable":true,"href":"https:\/\/ffyh.unc.edu.ar\/posgrado\/wp-json\/wp\/v2\/categories?post=5936"},{"taxonomy":"post_tag","embeddable":true,"href":"https:\/\/ffyh.unc.edu.ar\/posgrado\/wp-json\/wp\/v2\/tags?post=5936"}],"curies":[{"name":"wp","href":"https:\/\/api.w.org\/{rel}","templated":true}]}}