{"id":6084,"date":"2018-03-08T16:17:16","date_gmt":"2018-03-08T16:17:16","guid":{"rendered":"http:\/\/ffyh.unc.edu.ar\/posgrado\/?p=6084"},"modified":"2018-03-22T20:57:04","modified_gmt":"2018-03-22T20:57:04","slug":"inscripciones-abiertas-para-la-maestria-en-antropologia-y-la-especializacion-en-antropologia-social","status":"publish","type":"post","link":"https:\/\/ffyh.unc.edu.ar\/posgrado\/2018\/03\/08\/inscripciones-abiertas-para-la-maestria-en-antropologia-y-la-especializacion-en-antropologia-social\/","title":{"rendered":"Inscripciones abiertas para la Maestr\u00eda en Antropolog\u00eda y la Especializaci\u00f3n en Antropolog\u00eda Social"},"content":{"rendered":"<p>La Secretar\u00eda de Posgrado de la Facultad de Filosof\u00eda y Humanidades (UNC) informa que hasta el 3 de abril estar\u00e1n abiertas las inscripciones para las carreras de Maestr\u00eda en Antropolog\u00eda y Especializaci\u00f3n en Antropolog\u00eda Social.<\/p>\n<p><!--more--><\/p>\n<p><strong>Condiciones de admisi\u00f3n:<\/strong><\/p>\n<ol>\n<li>Haber egresado de una carrera universitaria con nivel de Licenciatura o su equivalente.<\/li>\n<li>Inscribirse en el per\u00edodo de matriculaci\u00f3n al inicio de cada semestre.<\/li>\n<li>Someterse a los mecanismos de ingreso establecidos<\/li>\n<\/ol>\n<p>Los mecanismos de ingreso consisten en un examen de selecci\u00f3n y una evaluaci\u00f3n final de admisi\u00f3n, a cargo de un cuerpo de profesores estables designado a tales efectos.<\/p>\n<p>El <strong>examen nivelatorio <\/strong>est\u00e1 dirigido a egresados de Institutos de Educaci\u00f3n Superior (Tecnicaturas \u2013 Profesorados) y egresados de carreras con contenido curricular no af\u00edn,\u00a0 y consistir\u00e1 en una prueba escrita basada en informaci\u00f3n bibliogr\u00e1fica seleccionada.<\/p>\n<p>La <strong>evaluaci\u00f3n final<\/strong> de admisi\u00f3n es de car\u00e1cter eliminatorio y se realiza en base a un an\u00e1lisis del Curriculum Vitae del postulante, el promedio de su carrera de grado y una entrevista personal.<\/p>\n<p><strong>Requisitos para la inscripci\u00f3n 2018:<\/strong><\/p>\n<ul>\n<li>Completar formulario de inscripci\u00f3n on line hasta el 3\/4 :<\/li>\n<\/ul>\n<p>Especializaci\u00f3n: <a href=\"https:\/\/docs.google.com\/forms\/d\/e\/1FAIpQLSfl_O3zI5FmZaJ3_ns0abc10g76blw7tH_QLbPE5cmux8yYNw\/viewform?usp=sf_link\" target=\"_blank\" rel=\"noopener\">https:\/\/docs.google.com\/forms\/d\/e\/1FAIpQLSfl_O3zI5FmZaJ3_ns0abc10g76blw7tH_QLbPE5cmux8yYNw\/viewform?usp=sf_link<\/a><\/p>\n<p>Maestr\u00eda: <a href=\"https:\/\/docs.google.com\/forms\/d\/e\/1FAIpQLSc5djgljb8U01i6FZSMWMlSbISBuZROYjljakwrETLTEr9TZA\/viewform?usp=sf_link\" target=\"_blank\" rel=\"noopener\">https:\/\/docs.google.com\/forms\/d\/e\/1FAIpQLSc5djgljb8U01i6FZSMWMlSbISBuZROYjljakwrETLTEr9TZA\/viewform?usp=sf_link<\/a><\/p>\n<ul>\n<li>Presentaci\u00f3n de la siguiente documentaci\u00f3n en la Secretar\u00eda de Posgrado de la Facultad de Filosof\u00eda y Humanidades \u2013 Pabell\u00f3n Residencial Ciudad Universitaria. Jueves o viernes de 15 a 18 hs.:\n<ul>\n<li>Ficha de inscripci\u00f3n de sistema Guaran\u00ed.<\/li>\n<\/ul>\n<\/li>\n<\/ul>\n<p><a href=\"http:\/\/preinscripcion.guarani.unc.edu.ar\/filosofia-pg\/acceso\" target=\"_blank\" rel=\"noopener\">http:\/\/preinscripcion.guarani.unc.edu.ar\/filosofia-pg\/acceso<\/a><\/p>\n<p>Completar, enviar y presentar.<\/p>\n<p>(Instructivo: <a href=\"http:\/\/ffyh.unc.edu.ar\/posgrado\/wp-content\/uploads\/sites\/3\/2010\/11\/Modulo_de_Preinscripcion_2.9.1.pdf\" target=\"_blank\" rel=\"noopener\">http:\/\/ffyh.unc.edu.ar\/posgrado\/wp-content\/uploads\/sites\/3\/2010\/11\/Modulo_de_Preinscripcion_2.9.1.pdf<\/a>)<\/p>\n<ul>\n<li>Fotocopia de DNI o pasaporte para estudiantes extranjeros.<\/li>\n<li>Copia legalizada (con sellos originales sobre la copia) del t\u00edtulo de grado y\/o posgrado.<\/li>\n<li>Curr\u00edculum actualizado<\/li>\n<li>Carta de motivaci\u00f3n argumentando la solicitud de inscripci\u00f3n a la maestr\u00eda.<\/li>\n<li>Fotograf\u00eda 4\u00d74.<\/li>\n<li>Pago de matr\u00edcula y primera cuota, una vez recibidas las instrucciones de pago, en el Pabell\u00f3n Residencial, 2do piso en el horario de 11hs a 17hs, o a trav\u00e9s de Rapi-pago.<\/li>\n<li>Entrevista personal con fecha y horario a confirmar.<\/li>\n<li>Asistencia a charla introductoria <strong>4 de abril de 2018<\/strong>. (Ese d\u00eda es el primer d\u00eda de clase, la clase comienza a las 18 hs.).<\/li>\n<li>Examen nivelatorio para egresados de Institutos de Educaci\u00f3n Superior (Tecnicaturas \u2013 Profesorados) y egresados de carreras con contenido curricular no af\u00edn, a realizarse el en el mes de mayo con fecha a definir.<\/li>\n<\/ul>\n<p><strong>Costos:<\/strong><\/p>\n<p>La Maestr\u00eda supone una matr\u00edcula anual hasta finalizar la carrera y veintis\u00e9is cuotas mensuales a pagar durante tres a\u00f1os. La Especializaci\u00f3n, una matr\u00edcula anual hasta finalizar la carrera y veinte cuotas mensuales a pagar durante dos a\u00f1os.<\/p>\n<p>Aranceles 2018: matr\u00edcula anual $900- cuota mensual $1200.<\/p>\n<p><strong>Informes: <\/strong>Secretar\u00eda de Posgrado \u2013 Jueves y viernes de 15 a 18hs. Tel. 0351- 4333061 int 126. \u00a0<a href=\"mailto:maeantro@ffyh.unc.edu.ar\">maeantro@ffyh.unc.edu.ar<\/a><\/p>\n<p><a href=\"http:\/\/ffyh.unc.edu.ar\/posgrado\/wp-content\/uploads\/sites\/3\/2018\/03\/maestria-antropologia.jpg\"><img fetchpriority=\"high\" decoding=\"async\" class=\"alignnone size-full wp-image-6086\" src=\"http:\/\/ffyh.unc.edu.ar\/posgrado\/wp-content\/uploads\/sites\/3\/2018\/03\/maestria-antropologia.jpg\" alt=\"\" width=\"1191\" height=\"842\" srcset=\"https:\/\/ffyh.unc.edu.ar\/posgrado\/wp-content\/uploads\/sites\/3\/2018\/03\/maestria-antropologia.jpg 1191w, https:\/\/ffyh.unc.edu.ar\/posgrado\/wp-content\/uploads\/sites\/3\/2018\/03\/maestria-antropologia-300x212.jpg 300w, https:\/\/ffyh.unc.edu.ar\/posgrado\/wp-content\/uploads\/sites\/3\/2018\/03\/maestria-antropologia-768x543.jpg 768w, https:\/\/ffyh.unc.edu.ar\/posgrado\/wp-content\/uploads\/sites\/3\/2018\/03\/maestria-antropologia-1024x724.jpg 1024w\" sizes=\"(max-width: 1191px) 100vw, 1191px\" \/><\/a><\/p>\n","protected":false},"excerpt":{"rendered":"<p>La Secretar\u00eda de Posgrado de la Facultad de Filosof\u00eda y Humanidades (UNC) informa que hasta el 3 de abril estar\u00e1n<\/p>\n","protected":false},"author":2,"featured_media":0,"comment_status":"closed","ping_status":"closed","sticky":false,"template":"","format":"standard","meta":{"_acf_changed":false,"colormag_page_container_layout":"default_layout","colormag_page_sidebar_layout":"default_layout","_jetpack_memberships_contains_paid_content":false,"footnotes":""},"categories":[3,4],"tags":[34,42,46],"class_list":["post-6084","post","type-post","status-publish","format-standard","hentry","category-inscripciones","category-noticias","tag-especializacion-en-antropologia-social","tag-inscripcion-carreras-de-posgrado","tag-maestria-en-antropologia"],"acf":[],"jetpack_featured_media_url":"","jetpack_sharing_enabled":true,"_links":{"self":[{"href":"https:\/\/ffyh.unc.edu.ar\/posgrado\/wp-json\/wp\/v2\/posts\/6084","targetHints":{"allow":["GET"]}}],"collection":[{"href":"https:\/\/ffyh.unc.edu.ar\/posgrado\/wp-json\/wp\/v2\/posts"}],"about":[{"href":"https:\/\/ffyh.unc.edu.ar\/posgrado\/wp-json\/wp\/v2\/types\/post"}],"author":[{"embeddable":true,"href":"https:\/\/ffyh.unc.edu.ar\/posgrado\/wp-json\/wp\/v2\/users\/2"}],"replies":[{"embeddable":true,"href":"https:\/\/ffyh.unc.edu.ar\/posgrado\/wp-json\/wp\/v2\/comments?post=6084"}],"version-history":[{"count":2,"href":"https:\/\/ffyh.unc.edu.ar\/posgrado\/wp-json\/wp\/v2\/posts\/6084\/revisions"}],"predecessor-version":[{"id":6087,"href":"https:\/\/ffyh.unc.edu.ar\/posgrado\/wp-json\/wp\/v2\/posts\/6084\/revisions\/6087"}],"wp:attachment":[{"href":"https:\/\/ffyh.unc.edu.ar\/posgrado\/wp-json\/wp\/v2\/media?parent=6084"}],"wp:term":[{"taxonomy":"category","embeddable":true,"href":"https:\/\/ffyh.unc.edu.ar\/posgrado\/wp-json\/wp\/v2\/categories?post=6084"},{"taxonomy":"post_tag","embeddable":true,"href":"https:\/\/ffyh.unc.edu.ar\/posgrado\/wp-json\/wp\/v2\/tags?post=6084"}],"curies":[{"name":"wp","href":"https:\/\/api.w.org\/{rel}","templated":true}]}}