{"id":6353,"date":"2018-07-02T15:12:39","date_gmt":"2018-07-02T15:12:39","guid":{"rendered":"http:\/\/ffyh.unc.edu.ar\/posgrado\/?p=6353"},"modified":"2018-07-02T15:12:59","modified_gmt":"2018-07-02T15:12:59","slug":"defensa-de-tesis-doctorado-julio-2018","status":"publish","type":"post","link":"https:\/\/ffyh.unc.edu.ar\/posgrado\/2018\/07\/02\/defensa-de-tesis-doctorado-julio-2018\/","title":{"rendered":"Defensa de Tesis Doctorado &#8211; Julio 2018"},"content":{"rendered":"<p><strong>Agenda Julio 2018<\/strong><!--more--><\/p>\n<p><strong><em>Licenciado Pablo Manuel Requena &#8211;\u00a0Mi\u00e9rcoles 04 de Julio de 2018<\/em><\/strong><\/p>\n<p>La Secretar\u00eda de Postgrado informa que el <strong><em>Licenciado Pablo Manuel Requena<\/em> <\/strong>defender\u00e1 su Tesis de <strong><em>Doctorado en Historia, titulada: \u201cUniversidad, intelectuales y cultura en C\u00f3rdoba. Derivas reformistas, 1913-1946\u201d \u00a0dirigido por el Doctor Javier Moyano y codirigido por el Doctor Alejandro Blanco. <\/em><\/strong>\u00a0Actuar\u00e1n como Jurados los Profesores <strong><em>Doctora Patricia Funes, la Doctora Silvia Roittenburd y el Doctor Diego Tati\u00e1n-<\/em><\/strong><\/p>\n<p>La defensa tendr\u00e1 lugar el d\u00eda <strong><em>Mi\u00e9rcoles 04 de Julio de 2018,<\/em><\/strong> a las <strong><em>10:00 horas,<\/em><\/strong> en <strong><em>Sala A \u00a0de Postgrado<\/em><\/strong>\u00a0 de la Facultad de Filosof\u00eda y Humanidades.<\/p>\n<hr \/>\n<p><strong>Consultas: doctorar@ffyh.unc.edu.ar<\/strong><\/p>\n","protected":false},"excerpt":{"rendered":"<p>Agenda Julio 2018<\/p>\n","protected":false},"author":5,"featured_media":6198,"comment_status":"closed","ping_status":"closed","sticky":false,"template":"","format":"standard","meta":{"_acf_changed":false,"colormag_page_container_layout":"default_layout","colormag_page_sidebar_layout":"default_layout","_jetpack_memberships_contains_paid_content":false,"footnotes":""},"categories":[1],"tags":[20],"class_list":["post-6353","post","type-post","status-publish","format-standard","has-post-thumbnail","hentry","category-novedades","tag-defensa-de-tesis-doctoral"],"acf":[],"jetpack_featured_media_url":"https:\/\/ffyh.unc.edu.ar\/posgrado\/wp-content\/uploads\/sites\/3\/2018\/03\/Tesis.jpg","jetpack_sharing_enabled":true,"_links":{"self":[{"href":"https:\/\/ffyh.unc.edu.ar\/posgrado\/wp-json\/wp\/v2\/posts\/6353","targetHints":{"allow":["GET"]}}],"collection":[{"href":"https:\/\/ffyh.unc.edu.ar\/posgrado\/wp-json\/wp\/v2\/posts"}],"about":[{"href":"https:\/\/ffyh.unc.edu.ar\/posgrado\/wp-json\/wp\/v2\/types\/post"}],"author":[{"embeddable":true,"href":"https:\/\/ffyh.unc.edu.ar\/posgrado\/wp-json\/wp\/v2\/users\/5"}],"replies":[{"embeddable":true,"href":"https:\/\/ffyh.unc.edu.ar\/posgrado\/wp-json\/wp\/v2\/comments?post=6353"}],"version-history":[{"count":2,"href":"https:\/\/ffyh.unc.edu.ar\/posgrado\/wp-json\/wp\/v2\/posts\/6353\/revisions"}],"predecessor-version":[{"id":6355,"href":"https:\/\/ffyh.unc.edu.ar\/posgrado\/wp-json\/wp\/v2\/posts\/6353\/revisions\/6355"}],"wp:featuredmedia":[{"embeddable":true,"href":"https:\/\/ffyh.unc.edu.ar\/posgrado\/wp-json\/wp\/v2\/media\/6198"}],"wp:attachment":[{"href":"https:\/\/ffyh.unc.edu.ar\/posgrado\/wp-json\/wp\/v2\/media?parent=6353"}],"wp:term":[{"taxonomy":"category","embeddable":true,"href":"https:\/\/ffyh.unc.edu.ar\/posgrado\/wp-json\/wp\/v2\/categories?post=6353"},{"taxonomy":"post_tag","embeddable":true,"href":"https:\/\/ffyh.unc.edu.ar\/posgrado\/wp-json\/wp\/v2\/tags?post=6353"}],"curies":[{"name":"wp","href":"https:\/\/api.w.org\/{rel}","templated":true}]}}