{"id":6400,"date":"2018-07-30T15:35:03","date_gmt":"2018-07-30T15:35:03","guid":{"rendered":"http:\/\/ffyh.unc.edu.ar\/posgrado\/?p=6400"},"modified":"2018-08-10T20:14:38","modified_gmt":"2018-08-10T20:14:38","slug":"defensas-de-tesis-doctorado-agosto-2018","status":"publish","type":"post","link":"https:\/\/ffyh.unc.edu.ar\/posgrado\/2018\/07\/30\/defensas-de-tesis-doctorado-agosto-2018\/","title":{"rendered":"Defensas de Tesis Doctorado &#8211; Agosto 2018"},"content":{"rendered":"<p>Agenda de Defensas de Tesis de Carreras de Doctorado | Agosto 2018<!--more--><\/p>\n<hr \/>\n<p>La Secretar\u00eda de Postgrado informa que la <strong><em>Licenciada Mar\u00eda Celeste Aichino<\/em> <\/strong>defender\u00e1 su Tesis de <strong><em>Doctorado en Letras, titulada: \u201cAlberto Laiseca: Tensiones en el realismo delirante y su relaci\u00f3n con la cr\u00edtica literaria argentina. Un abordaje discursivo de su propuesta est\u00e9tica y \u00e9tica\u201d dirigido por la Doctora Ana Beatriz Flores y codirigido por la Doctora Mariana Catalin. <\/em><\/strong>\u00a0Actuar\u00e1n como Jurados los Profesores <strong><em>Doctora Ana Mar\u00eda Camblong, la Doctora Pampa Ar\u00e1n y la Doctora Mar\u00eda Elena Legaz.-<\/em><\/strong><\/p>\n<p>La defensa tendr\u00e1 lugar el d\u00eda <strong><em>Mi\u00e9rcoles 08 de Agosto de 2018,<\/em><\/strong> a las <strong><em>10:00 horas,<\/em><\/strong> en <strong><em>Sala A \u00a0de Postgrado<\/em><\/strong>\u00a0 de la Facultad de Filosof\u00eda y Humanidades.<\/p>\n<hr \/>\n<p>La Secretar\u00eda de Postgrado informa que la <strong>Magister Cristina Emilse Pons <\/strong>defender\u00e1 su Tesis de <strong><em>Doctorado en Historia, titulada: \u201cGobierno y oposici\u00f3n pol\u00edtica social en C\u00f3rdoba. La oposici\u00f3n partidaria al r\u00e9gimen local de la Revoluci\u00f3n Argentina (1966-1973)\u201d dirigido por el Doctor C\u00e9sar Tcach. <\/em><\/strong>\u00a0Actuar\u00e1n como Jurados los Profesores <strong><em>Doctora Marta Philp, la Doctora Mar\u00eda del Mar Solis Carnicer y la Doctora Ver\u00f3nica Basile.<\/em><\/strong><\/p>\n<p>La defensa tendr\u00e1 lugar el d\u00eda <strong><em>Jueves 09 de Agosto de 2018,<\/em><\/strong> a las <strong><em>11:30 horas,<\/em><\/strong> en <strong><em>Sala A \u00a0de Postgrado<\/em><\/strong>\u00a0 de la Facultad de Filosof\u00eda y Humanidades.<\/p>\n<hr \/>\n<p>La Secretar\u00eda de Postgrado informa que la Licenciada Jorgelina Yapur defender\u00e1 su Tesis de <strong><em>Doctorado en Ciencias de la Educaci\u00f3n, titulada: \u201cNuevos formatos escolares e inclusi\u00f3n educativa: un estudio sobre el \u201cPrograma inclusi\u00f3n\/terminalidad de la educaci\u00f3n secundaria y formaci\u00f3n laboral para j\u00b4\u00f1ovenes de 14 a 17 a\u00f1os\u201d dirigido por la Licenciada Alicia Carranza y codirigido por la Doctora Flavia Terigi. <\/em><\/strong>Actuar\u00e1n como Jurados los Profesores <strong><em>Doctora Mar\u00eda Silvia Serra, la Doctora Alejandra Castro y la Doctora Alicia Ac\u00edn.<\/em><\/strong><\/p>\n<p>La defensa tendr\u00e1 lugar el d\u00eda <strong><em>Viernes 10 de Agosto de 2018,<\/em><\/strong> a las <strong><em>10:00 horas,<\/em><\/strong> en <strong><em>Sala D \u00a0de Postgrado<\/em><\/strong>\u00a0 de la Facultad de Filosof\u00eda y Humanidades.<\/p>\n<hr \/>\n<p>La Secretar\u00eda de Postgrado informa que la Licenciada Lucia Feuillet defender\u00e1 su Tesis de <strong><em>Doctorado en Letras, titulada: \u201cDelito y producci\u00f3n social en la narrativa de Juan Carlos Martelli\u201d dirigido por el Doctor Jorge Bracamonte y codirigido por la Doctora Mar\u00eda del Carmen Marengo. <\/em><\/strong>Actuar\u00e1n como Jurados los Profesores <strong><em>Doctora Elisa Calabrese, la Doctora Silvia Barei y el Doctor Mart\u00edn Kohan.<\/em><\/strong><\/p>\n<p>La defensa tendr\u00e1 lugar el d\u00eda <strong><em>Mi\u00e9rcoles\u00a0 15 de Agosto de 2018<\/em><\/strong>, a las <strong><em>10 horas,<\/em><\/strong> en <strong><em>Sala A \u00a0de Postgrado<\/em><\/strong>\u00a0 de la Facultad de Filosof\u00eda y Humanidades.<\/p>\n<hr \/>\n<p>La Secretar\u00eda de Postgrado informa que la Licenciada Fabiana Takahashi defender\u00e1 su Tesis de <strong><em>Doctorado en Letras, titulada: \u201cPensamiento pol\u00edtico y arquitectura escritural en la obra narrativa de Milton Hatoum. Carta de navegaci\u00f3n por el entramado intratextual\u201d dirigido por el Doctor Mario C\u00e1mara. <\/em><\/strong>Actuar\u00e1n como Jurados los Profesores <strong><em>Doctora Graciela Cariello, la Doctora Mirian Pino y la Doctora Nancy Calomarde.<\/em><\/strong><\/p>\n<p>La defensa tendr\u00e1 lugar el d\u00eda <strong><em>Jueves 23 de Agosto de 2018<\/em><\/strong>, a las <strong><em>11 horas,<\/em><\/strong> en <strong><em>Sala B \u00a0de Postgrado<\/em><\/strong>\u00a0 de la Facultad de Filosof\u00eda y Humanidades.<\/p>\n<hr \/>\n<p>La Secretar\u00eda de Postgrado informa que la Licenciada Vanina Ares Bargas defender\u00e1 su Tesis de <strong><em>Doctorado en Ciencias de la Educaci\u00f3n, titulada: \u201cPol\u00edticas de regulaci\u00f3n de la educaci\u00f3n superior universitaria en Argentina. Sus efectos en el trabajo y en la subjetividad de los profesores. El programa de incentivos a los docentes investigadores en la Universidad Nacional de C\u00f3rdoba\u201d dirigido por la Doctora Estela Mar\u00eda Miranda. <\/em><\/strong>Actuar\u00e1n como Jurados los Profesores <strong><em>Doctora Sonia Araujo, la Doctora Liliana Vanella y el Doctor Jefferson Mainardes.<\/em><\/strong><\/p>\n<p>La defensa tendr\u00e1 lugar el d\u00eda <strong><em>Lunes 27 de Agosto de 2018<\/em><\/strong>, a las <strong><em>10 horas,<\/em><\/strong> en <strong><em>Sala A \u00a0de Postgrado<\/em><\/strong>\u00a0 de la Facultad de Filosof\u00eda y Humanidades.<\/p>\n<hr \/>\n<p>La Secretar\u00eda de Postgrado informa que la Licenciada Sabrina Rezz\u00f3nico defender\u00e1 su Tesis de <strong><em>Doctorado en Letras, titulada: \u201cEncrucijadas geoculturales: configuraciones de po\u00e9ticas e identidades del conurbano bonaerense en la narrativa argentina contempor\u00e1nea\u201d dirigido por el Doctor Domingo Ighina. <\/em><\/strong>Actuar\u00e1n como Jurados los Profesores <strong><em>Doctora Elsa Drucaroff, la Doctora Silvia Barei y la Doctora Liliana Tozzi.<\/em><\/strong><\/p>\n<p>La defensa tendr\u00e1 lugar el d\u00eda <strong><em>Martes 28 de Agosto de 2018<\/em><\/strong>, a las <strong><em>10 horas,<\/em><\/strong> en <strong><em>Sala A \u00a0de Postgrado<\/em><\/strong>\u00a0 de la Facultad de Filosof\u00eda y Humanidades.<\/p>\n","protected":false},"excerpt":{"rendered":"<p>Agenda de Defensas de Tesis de Carreras de Doctorado | Agosto 2018<\/p>\n","protected":false},"author":5,"featured_media":6198,"comment_status":"closed","ping_status":"closed","sticky":false,"template":"","format":"standard","meta":{"_acf_changed":false,"colormag_page_container_layout":"default_layout","colormag_page_sidebar_layout":"default_layout","_jetpack_memberships_contains_paid_content":false,"footnotes":""},"categories":[1],"tags":[20],"class_list":["post-6400","post","type-post","status-publish","format-standard","has-post-thumbnail","hentry","category-novedades","tag-defensa-de-tesis-doctoral"],"acf":[],"jetpack_featured_media_url":"https:\/\/ffyh.unc.edu.ar\/posgrado\/wp-content\/uploads\/sites\/3\/2018\/03\/Tesis.jpg","jetpack_sharing_enabled":true,"_links":{"self":[{"href":"https:\/\/ffyh.unc.edu.ar\/posgrado\/wp-json\/wp\/v2\/posts\/6400","targetHints":{"allow":["GET"]}}],"collection":[{"href":"https:\/\/ffyh.unc.edu.ar\/posgrado\/wp-json\/wp\/v2\/posts"}],"about":[{"href":"https:\/\/ffyh.unc.edu.ar\/posgrado\/wp-json\/wp\/v2\/types\/post"}],"author":[{"embeddable":true,"href":"https:\/\/ffyh.unc.edu.ar\/posgrado\/wp-json\/wp\/v2\/users\/5"}],"replies":[{"embeddable":true,"href":"https:\/\/ffyh.unc.edu.ar\/posgrado\/wp-json\/wp\/v2\/comments?post=6400"}],"version-history":[{"count":3,"href":"https:\/\/ffyh.unc.edu.ar\/posgrado\/wp-json\/wp\/v2\/posts\/6400\/revisions"}],"predecessor-version":[{"id":6413,"href":"https:\/\/ffyh.unc.edu.ar\/posgrado\/wp-json\/wp\/v2\/posts\/6400\/revisions\/6413"}],"wp:featuredmedia":[{"embeddable":true,"href":"https:\/\/ffyh.unc.edu.ar\/posgrado\/wp-json\/wp\/v2\/media\/6198"}],"wp:attachment":[{"href":"https:\/\/ffyh.unc.edu.ar\/posgrado\/wp-json\/wp\/v2\/media?parent=6400"}],"wp:term":[{"taxonomy":"category","embeddable":true,"href":"https:\/\/ffyh.unc.edu.ar\/posgrado\/wp-json\/wp\/v2\/categories?post=6400"},{"taxonomy":"post_tag","embeddable":true,"href":"https:\/\/ffyh.unc.edu.ar\/posgrado\/wp-json\/wp\/v2\/tags?post=6400"}],"curies":[{"name":"wp","href":"https:\/\/api.w.org\/{rel}","templated":true}]}}