{"id":6580,"date":"2018-12-13T19:58:54","date_gmt":"2018-12-13T19:58:54","guid":{"rendered":"http:\/\/ffyh.unc.edu.ar\/posgrado\/?p=6580"},"modified":"2018-12-18T16:59:41","modified_gmt":"2018-12-18T16:59:41","slug":"inscripcion-2019-maestria-en-pedagogia-especializacion-en-asesoramiento-y-gestion-pedagogica","status":"publish","type":"post","link":"https:\/\/ffyh.unc.edu.ar\/posgrado\/2018\/12\/13\/inscripcion-2019-maestria-en-pedagogia-especializacion-en-asesoramiento-y-gestion-pedagogica\/","title":{"rendered":"Inscripci\u00f3n 2019 | Maestr\u00eda en Pedagog\u00eda &#8211; Especializaci\u00f3n en Asesoramiento y Gesti\u00f3n Pedag\u00f3gica"},"content":{"rendered":"<p><strong>Pre-inscripciones: hasta 15 de febrero de 2019 (actualizado)<\/strong><!--more--><\/p>\n<p><img fetchpriority=\"high\" decoding=\"async\" class=\"alignnone size-full wp-image-6625\" src=\"http:\/\/ffyh.unc.edu.ar\/posgrado\/wp-content\/uploads\/sites\/3\/2018\/11\/mape-preinscripciones-febrero.jpg\" alt=\"\" width=\"1351\" height=\"1351\" srcset=\"https:\/\/ffyh.unc.edu.ar\/posgrado\/wp-content\/uploads\/sites\/3\/2018\/11\/mape-preinscripciones-febrero.jpg 1351w, https:\/\/ffyh.unc.edu.ar\/posgrado\/wp-content\/uploads\/sites\/3\/2018\/11\/mape-preinscripciones-febrero-150x150.jpg 150w, https:\/\/ffyh.unc.edu.ar\/posgrado\/wp-content\/uploads\/sites\/3\/2018\/11\/mape-preinscripciones-febrero-300x300.jpg 300w, https:\/\/ffyh.unc.edu.ar\/posgrado\/wp-content\/uploads\/sites\/3\/2018\/11\/mape-preinscripciones-febrero-768x768.jpg 768w, https:\/\/ffyh.unc.edu.ar\/posgrado\/wp-content\/uploads\/sites\/3\/2018\/11\/mape-preinscripciones-febrero-1024x1024.jpg 1024w\" sizes=\"(max-width: 1351px) 100vw, 1351px\" \/><\/p>\n<p style=\"font-weight: 400\">\u00a0<strong>+info maestr\u00eda:\u00a0<a href=\"https:\/\/ffyh.unc.edu.ar\/posgrado\/maestrias\/maestria-en-pedagogia\/\">ingresar<\/a>\u00a0|\u00a0+ info especializaci\u00f3n:\u00a0<a href=\"https:\/\/ffyh.unc.edu.ar\/posgrado\/especializaciones\/especializacion-en-asesoramiento-y-gestion-pedagogica\/\">ingresar<\/a><\/strong><\/p>\n<p style=\"font-weight: 400\"><strong>consultas:\u00a0<a href=\"mailto:mapeffyh@gmail.com\">mapeffyh@gmail.com<\/a><\/strong><\/p>\n","protected":false},"excerpt":{"rendered":"<p>Pre-inscripciones: hasta 15 de febrero de 2019 (actualizado)<\/p>\n","protected":false},"author":5,"featured_media":6211,"comment_status":"closed","ping_status":"closed","sticky":false,"template":"","format":"standard","meta":{"_acf_changed":false,"colormag_page_container_layout":"default_layout","colormag_page_sidebar_layout":"default_layout","_jetpack_memberships_contains_paid_content":false,"footnotes":""},"categories":[1],"tags":[35,47],"class_list":["post-6580","post","type-post","status-publish","format-standard","has-post-thumbnail","hentry","category-novedades","tag-especializacion-en-asesoramiento-y-gestion-pedagogica","tag-maestria-en-pedagogia"],"acf":[],"jetpack_featured_media_url":"https:\/\/ffyh.unc.edu.ar\/posgrado\/wp-content\/uploads\/sites\/3\/2018\/04\/Esp-y-Ma-Pedagog\u00eda.jpg","jetpack_sharing_enabled":true,"_links":{"self":[{"href":"https:\/\/ffyh.unc.edu.ar\/posgrado\/wp-json\/wp\/v2\/posts\/6580","targetHints":{"allow":["GET"]}}],"collection":[{"href":"https:\/\/ffyh.unc.edu.ar\/posgrado\/wp-json\/wp\/v2\/posts"}],"about":[{"href":"https:\/\/ffyh.unc.edu.ar\/posgrado\/wp-json\/wp\/v2\/types\/post"}],"author":[{"embeddable":true,"href":"https:\/\/ffyh.unc.edu.ar\/posgrado\/wp-json\/wp\/v2\/users\/5"}],"replies":[{"embeddable":true,"href":"https:\/\/ffyh.unc.edu.ar\/posgrado\/wp-json\/wp\/v2\/comments?post=6580"}],"version-history":[{"count":3,"href":"https:\/\/ffyh.unc.edu.ar\/posgrado\/wp-json\/wp\/v2\/posts\/6580\/revisions"}],"predecessor-version":[{"id":6629,"href":"https:\/\/ffyh.unc.edu.ar\/posgrado\/wp-json\/wp\/v2\/posts\/6580\/revisions\/6629"}],"wp:featuredmedia":[{"embeddable":true,"href":"https:\/\/ffyh.unc.edu.ar\/posgrado\/wp-json\/wp\/v2\/media\/6211"}],"wp:attachment":[{"href":"https:\/\/ffyh.unc.edu.ar\/posgrado\/wp-json\/wp\/v2\/media?parent=6580"}],"wp:term":[{"taxonomy":"category","embeddable":true,"href":"https:\/\/ffyh.unc.edu.ar\/posgrado\/wp-json\/wp\/v2\/categories?post=6580"},{"taxonomy":"post_tag","embeddable":true,"href":"https:\/\/ffyh.unc.edu.ar\/posgrado\/wp-json\/wp\/v2\/tags?post=6580"}],"curies":[{"name":"wp","href":"https:\/\/api.w.org\/{rel}","templated":true}]}}