{"id":6660,"date":"2019-03-01T20:59:30","date_gmt":"2019-03-01T20:59:30","guid":{"rendered":"http:\/\/ffyh.unc.edu.ar\/posgrado\/?p=6660"},"modified":"2019-03-01T20:59:39","modified_gmt":"2019-03-01T20:59:39","slug":"inscripciones-2019-maestria-en-antropologia-y-especializacion-en-antropologia-social","status":"publish","type":"post","link":"https:\/\/ffyh.unc.edu.ar\/posgrado\/2019\/03\/01\/inscripciones-2019-maestria-en-antropologia-y-especializacion-en-antropologia-social\/","title":{"rendered":"Inscripciones 2019 | Maestr\u00eda en Antropolog\u00eda y Especializaci\u00f3n en Antropolog\u00eda Social"},"content":{"rendered":"<p><strong>Inscripciones abiertas desde 1 de Marzo al 26 de Marzo<\/strong><!--more--><\/p>\n<p style=\"font-weight: 400\"><strong>Carreras de Posgrado &#8211;\u00a0Inscripciones\u00a02019<\/strong><\/p>\n<p><strong>Especializaci\u00f3n en Antropolog\u00eda Social<br \/>\nMaestr\u00eda en Antropolog\u00eda<\/strong><\/p>\n<p><em><br \/>\nEstas carreras est\u00e1n destinadas\u00a0a graduados de diferentes disciplinas. Apuntan a proporcionar una formaci\u00f3n superior en Antropolog\u00eda, profundizando en el desarrollo te\u00f3rico, metodol\u00f3gico y profesional acorde con el estado de conocimiento actual en el campo, promoviendo abordajes interdisciplinarios y fomentando la diversidad de enfoques a partir de experiencias previas de los alumnos.<\/p>\n<p><\/em><\/p>\n<p><strong><br \/>\n<\/strong><strong>Inscripciones abiertas desde 1 de Marzo al 26 de Marzo<\/strong><\/p>\n<p><strong>Inicio de clases<\/strong><\/p>\n<p><strong>27 de marzo\u00a02019<\/strong><\/p>\n<p><b>Requisitos de admisi\u00f3n e inscripci\u00f3n<\/b><\/p>\n<p><b><br \/>\nEspecializaci\u00f3n en Antropolog\u00eda Social:\u00a0<a href=\"https:\/\/ffyh.unc.edu.ar\/posgrado\/especializaciones\/especializacion-en-antropologia-social\/\">ver<\/a><\/p>\n<p>Maestr\u00eda en Antropolog\u00eda:\u00a0<a href=\"https:\/\/ffyh.unc.edu.ar\/posgrado\/maestrias\/maestria-en-antropologia\/\">ver<\/a><\/p>\n<p><\/b><\/p>\n<p><b>Consultas:\u00a0<\/b><b><a href=\"mailto:maeantro@ffyh.unc.edu.ar\">maeantro@ffyh.unc.edu.ar<\/a><\/b><\/p>\n<p><em><br \/>\nEstas carreras est\u00e1n destinadas\u00a0a graduados de diferentes disciplinas. Apuntan a proporcionar una formaci\u00f3n superior en Antropolog\u00eda, profundizando en el desarrollo te\u00f3rico, metodol\u00f3gico y profesional acorde con el estado de conocimiento actual en el campo, promoviendo abordajes interdisciplinarios y fomentando la diversidad de enfoques a partir de experiencias previas de los alumnos.<\/p>\n<p><\/em><\/p>\n<hr \/>\n<p><strong><br \/>\n<\/strong><strong>Inscripciones abiertas desde 1 de Marzo al 26 de Marzo<\/strong><\/p>\n<p><strong>Inicio de clases<\/strong><\/p>\n<p><strong>27 de marzo\u00a02019<\/strong><\/p>\n<hr \/>\n<p><b>Requisitos de admisi\u00f3n e inscripci\u00f3n<\/b><\/p>\n<ul>\n<li><b>Especializaci\u00f3n en Antropolog\u00eda Social:\u00a0<a href=\"https:\/\/ffyh.unc.edu.ar\/posgrado\/especializaciones\/especializacion-en-antropologia-social\/\">ver<\/a><br \/>\n<\/b><\/li>\n<li><b>Maestr\u00eda en Antropolog\u00eda:\u00a0<a href=\"https:\/\/ffyh.unc.edu.ar\/posgrado\/maestrias\/maestria-en-antropologia\/\">ver<\/a>\n<p><\/b><\/li>\n<\/ul>\n<p><b>Consultas:\u00a0<\/b><b><a href=\"mailto:maeantro@ffyh.unc.edu.ar\">maeantro@ffyh.unc.edu.ar<\/a><\/b><\/p>\n","protected":false},"excerpt":{"rendered":"<p>Inscripciones abiertas desde 1 de Marzo al 26 de Marzo<\/p>\n","protected":false},"author":5,"featured_media":6277,"comment_status":"closed","ping_status":"closed","sticky":false,"template":"","format":"standard","meta":{"_acf_changed":false,"colormag_page_container_layout":"default_layout","colormag_page_sidebar_layout":"default_layout","_jetpack_memberships_contains_paid_content":false,"footnotes":""},"categories":[1],"tags":[],"class_list":["post-6660","post","type-post","status-publish","format-standard","has-post-thumbnail","hentry","category-novedades"],"acf":[],"jetpack_featured_media_url":"https:\/\/ffyh.unc.edu.ar\/posgrado\/wp-content\/uploads\/sites\/3\/2018\/06\/Esp-y-Ma-Antropolog\u00eda.jpg","jetpack_sharing_enabled":true,"_links":{"self":[{"href":"https:\/\/ffyh.unc.edu.ar\/posgrado\/wp-json\/wp\/v2\/posts\/6660","targetHints":{"allow":["GET"]}}],"collection":[{"href":"https:\/\/ffyh.unc.edu.ar\/posgrado\/wp-json\/wp\/v2\/posts"}],"about":[{"href":"https:\/\/ffyh.unc.edu.ar\/posgrado\/wp-json\/wp\/v2\/types\/post"}],"author":[{"embeddable":true,"href":"https:\/\/ffyh.unc.edu.ar\/posgrado\/wp-json\/wp\/v2\/users\/5"}],"replies":[{"embeddable":true,"href":"https:\/\/ffyh.unc.edu.ar\/posgrado\/wp-json\/wp\/v2\/comments?post=6660"}],"version-history":[{"count":1,"href":"https:\/\/ffyh.unc.edu.ar\/posgrado\/wp-json\/wp\/v2\/posts\/6660\/revisions"}],"predecessor-version":[{"id":6661,"href":"https:\/\/ffyh.unc.edu.ar\/posgrado\/wp-json\/wp\/v2\/posts\/6660\/revisions\/6661"}],"wp:featuredmedia":[{"embeddable":true,"href":"https:\/\/ffyh.unc.edu.ar\/posgrado\/wp-json\/wp\/v2\/media\/6277"}],"wp:attachment":[{"href":"https:\/\/ffyh.unc.edu.ar\/posgrado\/wp-json\/wp\/v2\/media?parent=6660"}],"wp:term":[{"taxonomy":"category","embeddable":true,"href":"https:\/\/ffyh.unc.edu.ar\/posgrado\/wp-json\/wp\/v2\/categories?post=6660"},{"taxonomy":"post_tag","embeddable":true,"href":"https:\/\/ffyh.unc.edu.ar\/posgrado\/wp-json\/wp\/v2\/tags?post=6660"}],"curies":[{"name":"wp","href":"https:\/\/api.w.org\/{rel}","templated":true}]}}