{"id":6754,"date":"2019-04-24T19:06:01","date_gmt":"2019-04-24T19:06:01","guid":{"rendered":"http:\/\/ffyh.unc.edu.ar\/posgrado\/?p=6754"},"modified":"2019-05-07T20:16:17","modified_gmt":"2019-05-07T20:16:17","slug":"curso-de-doctorado-la-perspectiva-de-pierre-bourdieu-como-caja-de-herramientas-analiticas","status":"publish","type":"post","link":"https:\/\/ffyh.unc.edu.ar\/posgrado\/2019\/04\/24\/curso-de-doctorado-la-perspectiva-de-pierre-bourdieu-como-caja-de-herramientas-analiticas\/","title":{"rendered":"Curso de Doctorado \u201cLa perspectiva de Pierre Bourdieu como caja de herramientas anal\u00edticas\u201d"},"content":{"rendered":"<p><strong>Dra. Alicia B. Guti\u00e9rrez y\u00a0<\/strong><strong>Dr. Juan M. Barri | Inicia: 12 de junio de 2019<\/strong><!--more--><\/p>\n<p><strong><em>Curso de Doctorado<br \/>\n<\/em><\/strong><\/p>\n<p><strong><em>\u201c<\/em><\/strong><strong><em>La perspectiva de Pierre Bourdieu como caja de herramientas anal\u00edticas\u201d<\/em><\/strong><\/p>\n<p><strong><em>\u00a0<\/em><\/strong><\/p>\n<p><strong>Dra. Alicia B. Guti\u00e9rrez<br \/>\n<\/strong>(FFyH-UNC\/IDH -CONICET-UNC)<\/p>\n<p><strong>\u00a0<\/strong><strong>Dr. Juan M. Barri<br \/>\n<\/strong>(FFyH-UNC)<strong>\u00a0<\/strong><\/p>\n<p><b>Profesora colaboradora: Dra. Elisa R. Cragnolino<\/b><\/p>\n<hr \/>\n<p>El presente curso podr\u00e1 ser acreditado por estudiantes de las carreras de Doctorado en Ciencias Antropol\u00f3gicas, Doctorado en Ciencias de la Educaci\u00f3n y Doctorado en Filosof\u00eda (FFYH-UNC)<\/p>\n<hr \/>\n<p><u>Presentaci\u00f3n:<\/u><\/p>\n<p>Se propone tomar a la perspectiva de Pierre Bourdieu como un conjunto de herramientas anal\u00edticas para abordar la realidad social: se tomar\u00e1n en cuenta sus presupuestos epistemol\u00f3gicos, la l\u00f3gica del estructuralismo-constructivista y sus categor\u00edas anal\u00edticas y el modo como se especifican en una problem\u00e1tica concreta y se abordan desde metodol\u00f3gicas espec\u00edficas. Todos estos aspectos del curso se desarrollar\u00e1n en un di\u00e1logo permanente entre reflexi\u00f3n te\u00f3rica y an\u00e1lisis emp\u00edrico, buscando constituir un aporte al desarrollo de las investigaciones de los participantes.<\/p>\n<p><strong>Programa: <a href=\"http:\/\/ffyh.unc.edu.ar\/posgrado\/wp-content\/uploads\/sites\/3\/2019\/04\/Curso_de_Doctorado_2019_Gutierrez.pdf\">consultar<\/a><\/strong><\/p>\n<hr \/>\n<p><strong><u>D\u00edas, horarios y lugar<\/u><\/strong><\/p>\n<p><strong>12, 13 y 14 de junio, 3, 4 y 5 de julio<\/strong><\/p>\n<p><strong>15 a 20hs<br \/>\n<\/strong><\/p>\n<p>Pabell\u00f3n Residencial<\/p>\n<hr \/>\n<p><strong>Acredita: 40 hs.<\/strong><\/p>\n<hr \/>\n<p><strong>Inscripci\u00f3n:\u00a0<\/strong><a href=\"https:\/\/docs.google.com\/forms\/d\/e\/1FAIpQLSegynzeRNl_GXj0F1ABbiczk9Fm_i2rcg5bz8vifLqUPFF7Xw\/viewform\"><strong>ingresar<\/strong><\/a><\/p>\n<hr \/>\n<p><strong><u>Arancel<\/u><\/strong>:\u00a0$1800<\/p>\n<p><em>Valor sujeto a descuentos seg\u00fan Resoluci\u00f3n HCD-FFYH N\u00ba 2\/2018 (<\/em><a href=\"https:\/\/ffyh.unc.edu.ar\/posgrado\/pago-de-aranceles-y-cuotas\/\">ver<\/a><em>)<\/em><\/p>\n<hr \/>\n<p><strong>Consultas:<\/strong>\u00a0<a href=\"mailto:cursos@ffyh.unc.edu.ar\"><strong>cursos@ffyh.unc.edu.ar<\/strong><\/a><\/p>\n","protected":false},"excerpt":{"rendered":"<p>Dra. Alicia B. Guti\u00e9rrez y\u00a0Dr. Juan M. Barri | Inicia: 12 de junio de 2019<\/p>\n","protected":false},"author":5,"featured_media":6192,"comment_status":"closed","ping_status":"closed","sticky":false,"template":"","format":"standard","meta":{"_acf_changed":false,"colormag_page_container_layout":"default_layout","colormag_page_sidebar_layout":"default_layout","_jetpack_memberships_contains_paid_content":false,"footnotes":""},"categories":[1],"tags":[17],"class_list":["post-6754","post","type-post","status-publish","format-standard","has-post-thumbnail","hentry","category-novedades","tag-cursos-de-posgrado"],"acf":[],"jetpack_featured_media_url":"https:\/\/ffyh.unc.edu.ar\/posgrado\/wp-content\/uploads\/sites\/3\/2018\/03\/Curso-de-Doctorado.jpg","jetpack_sharing_enabled":true,"_links":{"self":[{"href":"https:\/\/ffyh.unc.edu.ar\/posgrado\/wp-json\/wp\/v2\/posts\/6754","targetHints":{"allow":["GET"]}}],"collection":[{"href":"https:\/\/ffyh.unc.edu.ar\/posgrado\/wp-json\/wp\/v2\/posts"}],"about":[{"href":"https:\/\/ffyh.unc.edu.ar\/posgrado\/wp-json\/wp\/v2\/types\/post"}],"author":[{"embeddable":true,"href":"https:\/\/ffyh.unc.edu.ar\/posgrado\/wp-json\/wp\/v2\/users\/5"}],"replies":[{"embeddable":true,"href":"https:\/\/ffyh.unc.edu.ar\/posgrado\/wp-json\/wp\/v2\/comments?post=6754"}],"version-history":[{"count":3,"href":"https:\/\/ffyh.unc.edu.ar\/posgrado\/wp-json\/wp\/v2\/posts\/6754\/revisions"}],"predecessor-version":[{"id":6758,"href":"https:\/\/ffyh.unc.edu.ar\/posgrado\/wp-json\/wp\/v2\/posts\/6754\/revisions\/6758"}],"wp:featuredmedia":[{"embeddable":true,"href":"https:\/\/ffyh.unc.edu.ar\/posgrado\/wp-json\/wp\/v2\/media\/6192"}],"wp:attachment":[{"href":"https:\/\/ffyh.unc.edu.ar\/posgrado\/wp-json\/wp\/v2\/media?parent=6754"}],"wp:term":[{"taxonomy":"category","embeddable":true,"href":"https:\/\/ffyh.unc.edu.ar\/posgrado\/wp-json\/wp\/v2\/categories?post=6754"},{"taxonomy":"post_tag","embeddable":true,"href":"https:\/\/ffyh.unc.edu.ar\/posgrado\/wp-json\/wp\/v2\/tags?post=6754"}],"curies":[{"name":"wp","href":"https:\/\/api.w.org\/{rel}","templated":true}]}}