{"id":6966,"date":"2019-08-09T17:41:39","date_gmt":"2019-08-09T17:41:39","guid":{"rendered":"http:\/\/ffyh.unc.edu.ar\/posgrado\/?p=6966"},"modified":"2019-08-09T17:41:49","modified_gmt":"2019-08-09T17:41:49","slug":"curso-de-doctorado-clase-obrera-partidos-de-izquierda-y-accion-sindical-en-el-siglo-xx-aportes-y-debates-para-el-abordaje-de-su-estudio-desde-la-perspectiva-de-la-sociologia-de-la-militanc","status":"publish","type":"post","link":"https:\/\/ffyh.unc.edu.ar\/posgrado\/2019\/08\/09\/curso-de-doctorado-clase-obrera-partidos-de-izquierda-y-accion-sindical-en-el-siglo-xx-aportes-y-debates-para-el-abordaje-de-su-estudio-desde-la-perspectiva-de-la-sociologia-de-la-militanc\/","title":{"rendered":"Curso de Doctorado: Clase obrera, partidos de izquierda y acci\u00f3n sindical en el siglo XX. Aportes y debates para el abordaje de su estudio desde la perspectiva de la \u201csociolog\u00eda de la militancia\u201d"},"content":{"rendered":"<p>Dr. Carlos Mignon | 27 de agosto al 29 de octubre de 2019<!--more--><\/p>\n<p><strong><em>Programa de Posgrado en Historia | 2019<\/em><\/strong><\/p>\n<p><strong><em>Curso de Doctorado<\/em><\/strong><\/p>\n<p><strong>Clase obrera, partidos de izquierda y acci\u00f3n sindical en el siglo XX. Aportes y debates para el abordaje de su estudio desde la perspectiva de la \u201csociolog\u00eda de la militancia<\/strong><strong>\u201d<\/strong><\/p>\n<p><strong>Dr. Carlos Mignon<br \/>\n<\/strong>Profesor en la c\u00e1tedra de Historia Contempor\u00e1nea, Escuela de Historia, Facultad de Filosof\u00eda y Humanidades, Universidad Nacional de C\u00f3rdoba.<\/p>\n<hr \/>\n<p><u>Presentaci\u00f3n:<\/u><\/p>\n<p>La \u201csociolog\u00eda de la militancia\u201d conoci\u00f3 en los \u00faltimos a\u00f1os un importante desarrollo, centrado principalmente en las pr\u00e1cticas y las caracter\u00edsticas de los actores, y en la diversidad de bienes pol\u00edticos existentes m\u00e1s all\u00e1 de los productos discursivos. Estas pesquisas privilegiaron, entonces, el an\u00e1lisis de las l\u00f3gicas organizacionales, las relaciones entre la organizaci\u00f3n y su medioambiente social, los recursos individuales y colectivos de la militancia y sus repertorios de acci\u00f3n.<\/p>\n<p><strong>Programa: <a href=\"http:\/\/ffyh.unc.edu.ar\/posgrado\/wp-content\/uploads\/sites\/3\/2019\/08\/Programa-Prof.-Mignon-2019.pdf\">consultar<\/a><\/strong><\/p>\n<hr \/>\n<p><strong><u>D\u00edas, horarios y lugar<\/u><\/strong><\/p>\n<p><strong>27 de agosto al 29 de octubre<\/strong><\/p>\n<p>Martes, 17 a 20hs<\/p>\n<p>Pabell\u00f3n Residencial<\/p>\n<hr \/>\n<p><strong>Acredita: 40 hs.<\/strong><\/p>\n<hr \/>\n<p><strong>Inscripci\u00f3n:\u00a0<\/strong><a href=\"https:\/\/docs.google.com\/forms\/d\/e\/1FAIpQLSeBj75-sogJRxt4tXaQKQz1PtN1f5XPxVj31-W9BzW_RAGcIg\/viewform\"><strong>ingresar<\/strong><\/a><\/p>\n<hr \/>\n<p><strong><u>Arancel<\/u><\/strong>:\u00a0$1800<\/p>\n<p><em>Valor sujeto a descuentos seg\u00fan Resoluci\u00f3n HCD-FFYH N\u00ba 2\/2018 (<\/em><a href=\"https:\/\/ffyh.unc.edu.ar\/posgrado\/pago-de-aranceles-y-cuotas\/\">ver<\/a>)<\/p>\n<hr \/>\n<p><strong>Consultas:<\/strong>\u00a0<a href=\"mailto:cursos@ffyh.unc.edu.ar\"><strong>cursos@ffyh.unc.edu.ar<\/strong><\/a><\/p>\n","protected":false},"excerpt":{"rendered":"<p>Dr. Carlos Mignon | 27 de agosto al 29 de octubre de 2019<\/p>\n","protected":false},"author":5,"featured_media":6008,"comment_status":"closed","ping_status":"closed","sticky":false,"template":"","format":"standard","meta":{"_acf_changed":false,"colormag_page_container_layout":"default_layout","colormag_page_sidebar_layout":"default_layout","_jetpack_memberships_contains_paid_content":false,"footnotes":""},"categories":[1],"tags":[82,17,76],"class_list":["post-6966","post","type-post","status-publish","format-standard","has-post-thumbnail","hentry","category-novedades","tag-agosto-2019","tag-cursos-de-posgrado","tag-programa-posgrado-historia-2018"],"acf":[],"jetpack_featured_media_url":"https:\/\/ffyh.unc.edu.ar\/posgrado\/wp-content\/uploads\/sites\/3\/2017\/11\/20171212_140907.jpg","jetpack_sharing_enabled":true,"_links":{"self":[{"href":"https:\/\/ffyh.unc.edu.ar\/posgrado\/wp-json\/wp\/v2\/posts\/6966","targetHints":{"allow":["GET"]}}],"collection":[{"href":"https:\/\/ffyh.unc.edu.ar\/posgrado\/wp-json\/wp\/v2\/posts"}],"about":[{"href":"https:\/\/ffyh.unc.edu.ar\/posgrado\/wp-json\/wp\/v2\/types\/post"}],"author":[{"embeddable":true,"href":"https:\/\/ffyh.unc.edu.ar\/posgrado\/wp-json\/wp\/v2\/users\/5"}],"replies":[{"embeddable":true,"href":"https:\/\/ffyh.unc.edu.ar\/posgrado\/wp-json\/wp\/v2\/comments?post=6966"}],"version-history":[{"count":2,"href":"https:\/\/ffyh.unc.edu.ar\/posgrado\/wp-json\/wp\/v2\/posts\/6966\/revisions"}],"predecessor-version":[{"id":6969,"href":"https:\/\/ffyh.unc.edu.ar\/posgrado\/wp-json\/wp\/v2\/posts\/6966\/revisions\/6969"}],"wp:featuredmedia":[{"embeddable":true,"href":"https:\/\/ffyh.unc.edu.ar\/posgrado\/wp-json\/wp\/v2\/media\/6008"}],"wp:attachment":[{"href":"https:\/\/ffyh.unc.edu.ar\/posgrado\/wp-json\/wp\/v2\/media?parent=6966"}],"wp:term":[{"taxonomy":"category","embeddable":true,"href":"https:\/\/ffyh.unc.edu.ar\/posgrado\/wp-json\/wp\/v2\/categories?post=6966"},{"taxonomy":"post_tag","embeddable":true,"href":"https:\/\/ffyh.unc.edu.ar\/posgrado\/wp-json\/wp\/v2\/tags?post=6966"}],"curies":[{"name":"wp","href":"https:\/\/api.w.org\/{rel}","templated":true}]}}