{"id":7544,"date":"2020-09-22T10:35:59","date_gmt":"2020-09-22T10:35:59","guid":{"rendered":"http:\/\/ffyh.unc.edu.ar\/posgrado\/?p=7544"},"modified":"2020-11-04T18:59:58","modified_gmt":"2020-11-04T18:59:58","slug":"seminario-de-posgrado-culturas-juveniles-sujetos-identidades-y-genero","status":"publish","type":"post","link":"https:\/\/ffyh.unc.edu.ar\/posgrado\/2020\/09\/22\/seminario-de-posgrado-culturas-juveniles-sujetos-identidades-y-genero\/","title":{"rendered":"Seminario\u00a0 de Posgrado\u00a0\u201cCulturas Juveniles: Sujetos e identidades\u201d\u00a0"},"content":{"rendered":"<p>Dr. Claudio D\u00edaz &#8211; 13 y 14 de noviembre de 2020<!--more--><\/p>\n<p><b><i>Especializaci\u00f3n en Did\u00e1ctica y Maestr\u00eda de la Lengua y la Literatura<\/i><\/b><\/p>\n<p>&nbsp;<\/p>\n<p><b><i>Seminario\u00a0 de Posgrado<\/i><\/b><\/p>\n<p><b><i>\u00a0\u201cCulturas Juveniles: Sujetos e identidades\u201d\u00a0<\/i><\/b><\/p>\n<p><b>\u00a0Dr. Claudio D\u00edaz<\/b><b><\/b><\/p>\n<p>&nbsp;<\/p>\n<hr \/>\n<p><b>FUNDAMENTACI\u00d3N<\/b><span style=\"font-weight: 400\"><br \/>\n<\/span><span style=\"font-weight: 400\"> En los \u00faltimos a\u00f1os son cada vez m\u00e1s frecuentes los debates acerca de las caracter\u00edsticas de la llamada \u201ccultura juvenil\u201d y las modificaciones en los programas de estudio que esas caracter\u00edsticas estar\u00edan\u00a0 exigiendo. Al mismo tiempo, hay coincidencia en que fen\u00f3menos tales como los consumos musicales, los usos del cuerpo y los rituales de socializaci\u00f3n ocupan un lugar central dentro del imaginario de este nuevo sujeto social. Los consumos musicales, en particular, tienen la capacidad de articular una variedad de formas culturales. Ahora bien, cada una de esas formas culturales ha desarrollado un lenguaje propio, que se ha construido a lo largo de una historia y est\u00e1, por lo tanto, cargado de sentido. Sin embargo, alrededor de las culturas juveniles siguen existiendo muchos prejuicios, por lo que son sistem\u00e1ticamente deslegitimadas y generalmente excluidas de la escuela. Afortunadamente est\u00e1 empezando a haber una producci\u00f3n te\u00f3ricamente fundada acerca de las culturas juveniles. El presente seminario se funda sobre una hip\u00f3tesis fuerte: el conocimiento de las culturas juveniles, de sus lenguajes espec\u00edficos y de sus universos de sentido puede ser un camino muy fecundo, que abra puertas para la ense\u00f1anza de la lengua y la literatura. Pero ese camino parte de una ampliaci\u00f3n del concepto escolar de lo est\u00e9tico, que tan poco inter\u00e9s suele despertar en nuestros adolescentes.\u00a0<\/span><\/p>\n<hr \/>\n<p><b>D\u00edas, horarios y lugar<\/b><\/p>\n<p>Jueves 13 de noviembre\u00a0 14:30 a 20:30 hs \u2013 Aula Virtual &#8211; Plataforma Moodle<\/p>\n<p>Viernes 14 de noviembre 8:30 a 20:30 hs \u2013 Aula Virtual &#8211; Plataforma Moodle<\/p>\n<hr \/>\n<p><b>Acredita: 25 hs.<\/b><\/p>\n<hr \/>\n<p><b>Inscripci\u00f3n para estudiantes externos a la Carrera:\u00a0<\/b><a href=\"https:\/\/forms.gle\/RHY4rWqvE6FePmgs7\"><b>ingresar<\/b><\/a><span style=\"font-weight: 400\">\u00a0<\/span><\/p>\n<hr \/>\n<p><b>Arancel: <\/b><span style=\"font-weight: 400\">$2000<\/span><\/p>\n<p><span style=\"font-weight: 400\">El pago se realiza a trav\u00e9s del enlace de pago: <\/span><a href=\"http:\/\/spgi-inscripcion.psi.unc.edu.ar\/preins_con_ws\/cursos-H6515303-20-50-035-esplite-culturas-juveniles-sujetos-identidades-y-gnero-claudio-diaz.html\"><span style=\"font-weight: 400\">http:\/\/spgi-inscripcion.psi.unc.edu.ar\/preins_con_ws\/cursos-H6515303-20-50-035-esplite-culturas-juveniles-sujetos-identidades-y-gnero-claudio-diaz.html<\/span><\/a><\/p>\n<hr \/>\n<p><b>Consultas:<\/b><span style=\"font-weight: 400\">\u00a0<\/span><a href=\"mailto:esplite@gmail.com\"><b>esplite@gmail.com<\/b><\/a> <span style=\"font-weight: 400\">\u00a0<\/span><\/p>\n","protected":false},"excerpt":{"rendered":"<p>Dr. Claudio D\u00edaz &#8211; 13 y 14 de noviembre de 2020<\/p>\n","protected":false},"author":5,"featured_media":6850,"comment_status":"closed","ping_status":"closed","sticky":false,"template":"","format":"standard","meta":{"_acf_changed":false,"colormag_page_container_layout":"default_layout","colormag_page_sidebar_layout":"default_layout","_jetpack_memberships_contains_paid_content":false,"footnotes":""},"categories":[1],"tags":[72,83,103],"class_list":["post-7544","post","type-post","status-publish","format-standard","has-post-thumbnail","hentry","category-novedades","tag-especializacion-en-didactica-de-la-lengua-y-la-literatura","tag-maestria-en-didactica-de-la-lengua-y-la-literatura","tag-noviembre-2020"],"acf":[],"jetpack_featured_media_url":"https:\/\/ffyh.unc.edu.ar\/posgrado\/wp-content\/uploads\/sites\/3\/2019\/06\/carrera-de-pos-grado-didactica-de-la-lengua-e1565208186799.jpg","jetpack_sharing_enabled":true,"_links":{"self":[{"href":"https:\/\/ffyh.unc.edu.ar\/posgrado\/wp-json\/wp\/v2\/posts\/7544","targetHints":{"allow":["GET"]}}],"collection":[{"href":"https:\/\/ffyh.unc.edu.ar\/posgrado\/wp-json\/wp\/v2\/posts"}],"about":[{"href":"https:\/\/ffyh.unc.edu.ar\/posgrado\/wp-json\/wp\/v2\/types\/post"}],"author":[{"embeddable":true,"href":"https:\/\/ffyh.unc.edu.ar\/posgrado\/wp-json\/wp\/v2\/users\/5"}],"replies":[{"embeddable":true,"href":"https:\/\/ffyh.unc.edu.ar\/posgrado\/wp-json\/wp\/v2\/comments?post=7544"}],"version-history":[{"count":2,"href":"https:\/\/ffyh.unc.edu.ar\/posgrado\/wp-json\/wp\/v2\/posts\/7544\/revisions"}],"predecessor-version":[{"id":7615,"href":"https:\/\/ffyh.unc.edu.ar\/posgrado\/wp-json\/wp\/v2\/posts\/7544\/revisions\/7615"}],"wp:featuredmedia":[{"embeddable":true,"href":"https:\/\/ffyh.unc.edu.ar\/posgrado\/wp-json\/wp\/v2\/media\/6850"}],"wp:attachment":[{"href":"https:\/\/ffyh.unc.edu.ar\/posgrado\/wp-json\/wp\/v2\/media?parent=7544"}],"wp:term":[{"taxonomy":"category","embeddable":true,"href":"https:\/\/ffyh.unc.edu.ar\/posgrado\/wp-json\/wp\/v2\/categories?post=7544"},{"taxonomy":"post_tag","embeddable":true,"href":"https:\/\/ffyh.unc.edu.ar\/posgrado\/wp-json\/wp\/v2\/tags?post=7544"}],"curies":[{"name":"wp","href":"https:\/\/api.w.org\/{rel}","templated":true}]}}