{"id":7550,"date":"2020-09-22T11:17:41","date_gmt":"2020-09-22T11:17:41","guid":{"rendered":"http:\/\/ffyh.unc.edu.ar\/posgrado\/?p=7550"},"modified":"2020-09-22T11:17:52","modified_gmt":"2020-09-22T11:17:52","slug":"curso-de-posgrado-teoria-social-contemporanea-5","status":"publish","type":"post","link":"https:\/\/ffyh.unc.edu.ar\/posgrado\/2020\/09\/22\/curso-de-posgrado-teoria-social-contemporanea-5\/","title":{"rendered":"Curso de Posgrado\u00a0\u201cTeor\u00eda Social Contempor\u00e1nea\u201d"},"content":{"rendered":"<p>Dr. Javier Cristiano &#8211; 6, 13, 20 y 27 de Octubre de 2020<!--more--><\/p>\n<p><strong>Especializaci\u00f3n\u00a0en Antropolog\u00eda Social y Maestr\u00eda en Antropolog\u00eda<\/strong><\/p>\n<p><strong>Curso de Posgrado<\/strong><strong><em>\u00a0<\/em><\/strong><\/p>\n<p><strong><em>\u201cTeor\u00eda Social Contempor\u00e1nea<\/em><\/strong><strong><em>\u201d<\/em><\/strong><\/p>\n<p><strong><em>Dr. Javier Cristiano<\/em><\/strong><\/p>\n<hr \/>\n<p>La intenci\u00f3n del curso es ofrecer una introducci\u00f3n avanzada a algunos temas y debates de la teor\u00eda sociol\u00f3gica contempor\u00e1nea, representativos de la estructura y de la naturaleza del campo. Se ha optado por trabajar sobre autores m\u00e1s que sobre problemas, en el supuesto de que cada perspectiva tiene una l\u00f3gica interna que es importante identificar para capturar su sentido. Desde el punto de vista pedag\u00f3gico se ha optado adem\u00e1s por abarcar menos tratando de profundizar m\u00e1s, incluyendo la lectura de las fuentes directas en los puntos clave de la bibliograf\u00eda. El recorrido parte de una revisi\u00f3n selectiva de las tres principales matrices cl\u00e1sicas de la teor\u00eda social (Weber, Durkheim y Marx) y aborda despu\u00e9s tres propuestas centrales del ciclo contempor\u00e1neo de teorizaci\u00f3n (Sch\u00fctz, Bourdieu y Harvey), centr\u00e1ndose en cada una de las obras en primer t\u00e9rmino y mostrando despu\u00e9s el modo en que se proyectan sobre otros debates y programas te\u00f3ricos de la Sociolog\u00eda contempor\u00e1nea.<\/p>\n<hr \/>\n<p><strong><u>Fechas<\/u><\/strong><\/p>\n<p>6, 13, 20 y 27 de Octubre de 2020<\/p>\n<p>9 a 12hs*<\/p>\n<p>(Clases simult\u00e1neas por Google.meet)<\/p>\n<p>*Las clases ser\u00e1n grabadas y puestas a disposici\u00f3n de lxs estudiantes que no puedan asistir a los encuentros simult\u00e1neos.<br \/>\nSe complementar\u00e1n con grabaciones y materiales adicionales (no sincr\u00f3nicos).<\/p>\n<hr \/>\n<p><strong><u>Inscripci\u00f3n<\/u><\/strong><\/p>\n<p>Todas las personas interesadas deben inscribirse en el siguiente<\/p>\n<p><strong><u><a href=\"https:\/\/docs.google.com\/forms\/d\/e\/1FAIpQLSdwspTAk71WDhyCSbNcN-Cv1F_5SsRn2LuQHcuHzwdXOFba2w\/viewform?usp=sf_link\">Formulario<\/a><\/u><\/strong><strong>\u00a0<\/strong><strong>hasta el d\u00eda 02\/10\/20.<\/strong><\/p>\n<hr \/>\n<p><strong><u>Alumnos externos<\/u><\/strong><\/p>\n<p><strong>Costo del\u00a0Curso: $2700\u00a0<\/strong><\/p>\n<p>(se enviar\u00e1 cup\u00f3n de pago junto con la informaci\u00f3n del cursado)<\/p>\n<hr \/>\n<p><strong>Consultas:\u00a0<a href=\"mailto:maeantro@ffyh.unc.edu.ar\">maeantro@ffyh.unc.edu.ar<\/a><\/strong><\/p>\n<p>&nbsp;<\/p>\n","protected":false},"excerpt":{"rendered":"<p>Dr. Javier Cristiano &#8211; 6, 13, 20 y 27 de Octubre de 2020<\/p>\n","protected":false},"author":5,"featured_media":7119,"comment_status":"closed","ping_status":"closed","sticky":false,"template":"","format":"standard","meta":{"_acf_changed":false,"colormag_page_container_layout":"default_layout","colormag_page_sidebar_layout":"default_layout","_jetpack_memberships_contains_paid_content":false,"footnotes":""},"categories":[1],"tags":[34,46,102],"class_list":["post-7550","post","type-post","status-publish","format-standard","has-post-thumbnail","hentry","category-novedades","tag-especializacion-en-antropologia-social","tag-maestria-en-antropologia","tag-octubre-2020"],"acf":[],"jetpack_featured_media_url":"https:\/\/ffyh.unc.edu.ar\/posgrado\/wp-content\/uploads\/sites\/3\/2019\/09\/Esp-y-Ma-Antropolog\u00eda.jpg","jetpack_sharing_enabled":true,"_links":{"self":[{"href":"https:\/\/ffyh.unc.edu.ar\/posgrado\/wp-json\/wp\/v2\/posts\/7550","targetHints":{"allow":["GET"]}}],"collection":[{"href":"https:\/\/ffyh.unc.edu.ar\/posgrado\/wp-json\/wp\/v2\/posts"}],"about":[{"href":"https:\/\/ffyh.unc.edu.ar\/posgrado\/wp-json\/wp\/v2\/types\/post"}],"author":[{"embeddable":true,"href":"https:\/\/ffyh.unc.edu.ar\/posgrado\/wp-json\/wp\/v2\/users\/5"}],"replies":[{"embeddable":true,"href":"https:\/\/ffyh.unc.edu.ar\/posgrado\/wp-json\/wp\/v2\/comments?post=7550"}],"version-history":[{"count":1,"href":"https:\/\/ffyh.unc.edu.ar\/posgrado\/wp-json\/wp\/v2\/posts\/7550\/revisions"}],"predecessor-version":[{"id":7551,"href":"https:\/\/ffyh.unc.edu.ar\/posgrado\/wp-json\/wp\/v2\/posts\/7550\/revisions\/7551"}],"wp:featuredmedia":[{"embeddable":true,"href":"https:\/\/ffyh.unc.edu.ar\/posgrado\/wp-json\/wp\/v2\/media\/7119"}],"wp:attachment":[{"href":"https:\/\/ffyh.unc.edu.ar\/posgrado\/wp-json\/wp\/v2\/media?parent=7550"}],"wp:term":[{"taxonomy":"category","embeddable":true,"href":"https:\/\/ffyh.unc.edu.ar\/posgrado\/wp-json\/wp\/v2\/categories?post=7550"},{"taxonomy":"post_tag","embeddable":true,"href":"https:\/\/ffyh.unc.edu.ar\/posgrado\/wp-json\/wp\/v2\/tags?post=7550"}],"curies":[{"name":"wp","href":"https:\/\/api.w.org\/{rel}","templated":true}]}}