{"id":7731,"date":"2021-03-10T20:06:17","date_gmt":"2021-03-10T20:06:17","guid":{"rendered":"http:\/\/ffyh.unc.edu.ar\/posgrado\/?p=7731"},"modified":"2021-03-19T10:16:25","modified_gmt":"2021-03-19T10:16:25","slug":"seminario-virtual-transformaciones-culturales-y-educacion","status":"publish","type":"post","link":"https:\/\/ffyh.unc.edu.ar\/posgrado\/2021\/03\/10\/seminario-virtual-transformaciones-culturales-y-educacion\/","title":{"rendered":"Seminario Virtual \u201cTransformaciones culturales y educaci\u00f3n\u201d"},"content":{"rendered":"<p><strong>Dra. Sandra Carli &#8211; 17 y 18 de marzo de 2021<\/strong><!--more--><\/p>\n<p><b><i>Maestr\u00eda en Pedagog\u00eda\u00a0<\/i><\/b><\/p>\n<p><b><i><\/i><\/b><b><i>Seminario Virtual<\/i><\/b><\/p>\n<p><b>\u201cTransformaciones culturales y educaci\u00f3n\u201d<\/b><\/p>\n<p><b><i>Dra. Sandra Carli<\/i><\/b><b><i><br \/>\n<\/i><\/b><\/p>\n<hr \/>\n<p><span style=\"font-weight: 400\">En este seminario se propone mapear las transformaciones culturales contempor\u00e1neas que atraviesan los sistemas, fen\u00f3menos y pr\u00e1cticas educativas desde una perspectiva amplia y restringida. Los cambios materiales y simb\u00f3licos que afectan el presente hist\u00f3rico, vinculados con la pandemia global, ser\u00e1n una clave de lectura para recorrer perspectivas y nociones te\u00f3ricas de distintos campos disciplinarios y reflexiones de diversos autores.<\/span><\/p>\n<p><strong><span style=\"color: #ff0000\">|<\/span> Programa: <a href=\"https:\/\/drive.google.com\/file\/d\/1RWJttEivkgelczhFQFcSrKNJU6DGIzAA\/view?usp=sharing\">consultar<\/a><\/strong><\/p>\n<hr \/>\n<p><b>D\u00edas y horarios<\/b><\/p>\n<p>Mi\u00e9rcoles 17 de marzo de 10 a 12hs y de 14 a 16hs<\/p>\n<p>Jueves 18 de marzo de 14 a 16.30<\/p>\n<hr \/>\n<p><b>Modalidad de cursado:<\/b><\/p>\n<p>Encuentros sincr\u00f3nicos (plataforma meet)<\/p>\n<p>Materiales y actividades en Aula Virtual<\/p>\n<hr \/>\n<p><b>Acredita: 20 hs.<\/b><\/p>\n<hr \/>\n<p><b>Arancel: <\/b><b>$2550<\/b><\/p>\n<hr \/>\n<p><span style=\"font-weight: 400\"><br \/>\n<\/span><strong><span style=\"color: #ff0000\">|<\/span> Inscripci\u00f3n para alumnos externos a las carreras organizadoras: <a href=\"https:\/\/docs.google.com\/forms\/d\/e\/1FAIpQLSdwz3GRbIw5xQORLtv2a7hLjIhyd93sh97VwjOR6pLoRSwHIQ\/viewform?gxids=7628\">completar formulario<\/a><\/strong><\/p>\n<hr \/>\n<p><strong>Consultas: <a href=\"mailto:mape@ffyh.unc.edu.ar\">mape@ffyh.unc.edu.ar<\/a> <\/strong><\/p>\n","protected":false},"excerpt":{"rendered":"<p>Dra. Sandra Carli &#8211; 17 y 18 de marzo de 2021<\/p>\n","protected":false},"author":5,"featured_media":6235,"comment_status":"closed","ping_status":"closed","sticky":false,"template":"","format":"standard","meta":{"_acf_changed":false,"colormag_page_container_layout":"default_layout","colormag_page_sidebar_layout":"default_layout","_jetpack_memberships_contains_paid_content":false,"footnotes":""},"categories":[1],"tags":[111,47,108],"class_list":["post-7731","post","type-post","status-publish","format-standard","has-post-thumbnail","hentry","category-novedades","tag-111","tag-maestria-en-pedagogia","tag-marzo-2021"],"acf":[],"jetpack_featured_media_url":"https:\/\/ffyh.unc.edu.ar\/posgrado\/wp-content\/uploads\/sites\/3\/2018\/04\/Ma-Pedagog\u00eda.jpg","jetpack_sharing_enabled":true,"_links":{"self":[{"href":"https:\/\/ffyh.unc.edu.ar\/posgrado\/wp-json\/wp\/v2\/posts\/7731","targetHints":{"allow":["GET"]}}],"collection":[{"href":"https:\/\/ffyh.unc.edu.ar\/posgrado\/wp-json\/wp\/v2\/posts"}],"about":[{"href":"https:\/\/ffyh.unc.edu.ar\/posgrado\/wp-json\/wp\/v2\/types\/post"}],"author":[{"embeddable":true,"href":"https:\/\/ffyh.unc.edu.ar\/posgrado\/wp-json\/wp\/v2\/users\/5"}],"replies":[{"embeddable":true,"href":"https:\/\/ffyh.unc.edu.ar\/posgrado\/wp-json\/wp\/v2\/comments?post=7731"}],"version-history":[{"count":1,"href":"https:\/\/ffyh.unc.edu.ar\/posgrado\/wp-json\/wp\/v2\/posts\/7731\/revisions"}],"predecessor-version":[{"id":7732,"href":"https:\/\/ffyh.unc.edu.ar\/posgrado\/wp-json\/wp\/v2\/posts\/7731\/revisions\/7732"}],"wp:featuredmedia":[{"embeddable":true,"href":"https:\/\/ffyh.unc.edu.ar\/posgrado\/wp-json\/wp\/v2\/media\/6235"}],"wp:attachment":[{"href":"https:\/\/ffyh.unc.edu.ar\/posgrado\/wp-json\/wp\/v2\/media?parent=7731"}],"wp:term":[{"taxonomy":"category","embeddable":true,"href":"https:\/\/ffyh.unc.edu.ar\/posgrado\/wp-json\/wp\/v2\/categories?post=7731"},{"taxonomy":"post_tag","embeddable":true,"href":"https:\/\/ffyh.unc.edu.ar\/posgrado\/wp-json\/wp\/v2\/tags?post=7731"}],"curies":[{"name":"wp","href":"https:\/\/api.w.org\/{rel}","templated":true}]}}