{"id":7987,"date":"2021-06-29T22:28:12","date_gmt":"2021-06-29T22:28:12","guid":{"rendered":"https:\/\/ffyh.unc.edu.ar\/posgrado\/?p=7987"},"modified":"2021-06-29T22:29:53","modified_gmt":"2021-06-29T22:29:53","slug":"primera-colacion-de-pregrado-grado-y-posgrado-2021","status":"publish","type":"post","link":"https:\/\/ffyh.unc.edu.ar\/posgrado\/2021\/06\/29\/primera-colacion-de-pregrado-grado-y-posgrado-2021\/","title":{"rendered":"Primera Colaci\u00f3n de Pregrado, Grado y Posgrado | 2021"},"content":{"rendered":"<p><strong>La ceremonia se realizar\u00e1 de manera virtual el viernes 02 de julio y se transmitir\u00e1 en vivo a trav\u00e9s del canal de Youtube de la Facultad, en <a href=\"https:\/\/www.youtube.com\/comunicacionfilo\" target=\"_blank\" rel=\"noopener\" data-saferedirecturl=\"https:\/\/www.google.com\/url?q=https:\/\/www.youtube.com\/comunicacionfilo&amp;source=gmail&amp;ust=1625089964372000&amp;usg=AFQjCNHgsKoIEBrwYZIgkzUqJZ31Qkg3Jw\">https:\/\/www.youtube.com\/comunicacionfilo<\/a><\/strong><\/p>\n<p><!--more--><\/p>\n<p>Desde 2020, en la Universidad Nacional de C\u00f3rdoba rigen medidas de distanciamiento social preventivo, lo que imposibilita la realizaci\u00f3n de la tradicional ceremonia de colaci\u00f3n en el Pabell\u00f3n Argentina. En este contexto, la Facultad de Filosof\u00eda y Humanidades tomar\u00e1 el juramento a sus egresadxs en la primera colaci\u00f3n de pregrado, grado y posgrado de 2021 a trav\u00e9s de plataformas virtuales.<\/p>\n<div>\n<p>La ceremonia ser\u00e1 el viernes 02 de julio, con una transmisi\u00f3n en vivo en\u00a0<a href=\"https:\/\/www.youtube.com\/watch?v=GCKsBkYmy5U\" target=\"_blank\" rel=\"noopener\" data-saferedirecturl=\"https:\/\/www.google.com\/url?q=https:\/\/www.youtube.com\/watch?v%3DGCKsBkYmy5U&amp;source=gmail&amp;ust=1625089964372000&amp;usg=AFQjCNGmv4nciZUhnrFo2-n0dp0FJuMyWA\">https:\/\/www.youtube.com\/watch?v=GCKsBkYmy5U<\/a>\u00a0Ya que se trata de una colaci\u00f3n numerosa (147 egresadxs de Grado y Pregrado y 21 de Posgrado), se dividir\u00e1 en cuatro grupos que, con diferencia de una hora entre cada uno, prestar\u00e1n ese d\u00eda el juramento ante las autoridades de la Facultad. A las 09 hs comenzar\u00e1 el cambio de escoltas y abanderadxs. A las 10, ser\u00e1 el turno del juramento de los egresadxs de Archivolog\u00eda, Historia y Geograf\u00eda; a las 11 lxs de Letras y a las 12 de Bibliotecolog\u00eda, Antropolog\u00eda, Ciencias de la Educaci\u00f3n y Filosof\u00eda. Finalmente, a las 13 hs, jurar\u00e1n lxs egresadxs de las carreras de Posgrado.<\/p>\n<p>Desde Oficial\u00eda del \u00c1rea de Ense\u00f1anza se informar\u00e1n las respectivas direcciones de meet a lxs egresadxs para conectarse.<\/p>\n<p><img fetchpriority=\"high\" decoding=\"async\" class=\"CToWUd a6T\" src=\"https:\/\/mail.google.com\/mail\/u\/0?ui=2&amp;ik=db6372ed92&amp;attid=0.1.0.1&amp;permmsgid=msg-f:1703939720226614599&amp;th=17a59c25cec92d47&amp;view=fimg&amp;sz=s0-l75-ft&amp;attbid=ANGjdJ9zSOksbsKhBKvWJSIDHfGBlTaHVSrCcUbC1tUveuWqVjJgfz6x5P8y_19FdHLwF5qSV6WDa-k0wNdOLf7LQ6CxeXSOWtSzKykI6yKVnBaDjXOxd3DXR0iVpXg&amp;disp=emb&amp;realattid=17a59bfa18c33f447c71\" alt=\"\" width=\"1080\" height=\"2575\" data-image-whitelisted=\"\" \/><\/p>\n<\/div>\n<p><!--more--><\/p>\n","protected":false},"excerpt":{"rendered":"<p>La ceremonia se realizar\u00e1 de manera virtual el viernes 02 de julio y se transmitir\u00e1 en vivo a trav\u00e9s del<\/p>\n","protected":false},"author":5,"featured_media":7988,"comment_status":"closed","ping_status":"closed","sticky":false,"template":"","format":"standard","meta":{"_acf_changed":false,"colormag_page_container_layout":"default_layout","colormag_page_sidebar_layout":"default_layout","_jetpack_memberships_contains_paid_content":false,"footnotes":""},"categories":[1],"tags":[100],"class_list":["post-7987","post","type-post","status-publish","format-standard","has-post-thumbnail","hentry","category-novedades","tag-acto-colacion"],"acf":[],"jetpack_featured_media_url":"https:\/\/ffyh.unc.edu.ar\/posgrado\/wp-content\/uploads\/sites\/3\/2021\/06\/Imagen-colacion-julio-2021-e1625005786751.jpeg","jetpack_sharing_enabled":true,"_links":{"self":[{"href":"https:\/\/ffyh.unc.edu.ar\/posgrado\/wp-json\/wp\/v2\/posts\/7987","targetHints":{"allow":["GET"]}}],"collection":[{"href":"https:\/\/ffyh.unc.edu.ar\/posgrado\/wp-json\/wp\/v2\/posts"}],"about":[{"href":"https:\/\/ffyh.unc.edu.ar\/posgrado\/wp-json\/wp\/v2\/types\/post"}],"author":[{"embeddable":true,"href":"https:\/\/ffyh.unc.edu.ar\/posgrado\/wp-json\/wp\/v2\/users\/5"}],"replies":[{"embeddable":true,"href":"https:\/\/ffyh.unc.edu.ar\/posgrado\/wp-json\/wp\/v2\/comments?post=7987"}],"version-history":[{"count":2,"href":"https:\/\/ffyh.unc.edu.ar\/posgrado\/wp-json\/wp\/v2\/posts\/7987\/revisions"}],"predecessor-version":[{"id":7990,"href":"https:\/\/ffyh.unc.edu.ar\/posgrado\/wp-json\/wp\/v2\/posts\/7987\/revisions\/7990"}],"wp:featuredmedia":[{"embeddable":true,"href":"https:\/\/ffyh.unc.edu.ar\/posgrado\/wp-json\/wp\/v2\/media\/7988"}],"wp:attachment":[{"href":"https:\/\/ffyh.unc.edu.ar\/posgrado\/wp-json\/wp\/v2\/media?parent=7987"}],"wp:term":[{"taxonomy":"category","embeddable":true,"href":"https:\/\/ffyh.unc.edu.ar\/posgrado\/wp-json\/wp\/v2\/categories?post=7987"},{"taxonomy":"post_tag","embeddable":true,"href":"https:\/\/ffyh.unc.edu.ar\/posgrado\/wp-json\/wp\/v2\/tags?post=7987"}],"curies":[{"name":"wp","href":"https:\/\/api.w.org\/{rel}","templated":true}]}}