{"id":8136,"date":"2021-10-22T20:43:01","date_gmt":"2021-10-22T20:43:01","guid":{"rendered":"https:\/\/ffyh.unc.edu.ar\/posgrado\/?p=8136"},"modified":"2021-10-22T20:43:29","modified_gmt":"2021-10-22T20:43:29","slug":"curso-de-posgrado-fronteras-ilegalismos-y-estados-repensando-conceptos-a-partir-de-etnografias","status":"publish","type":"post","link":"https:\/\/ffyh.unc.edu.ar\/posgrado\/2021\/10\/22\/curso-de-posgrado-fronteras-ilegalismos-y-estados-repensando-conceptos-a-partir-de-etnografias\/","title":{"rendered":"Curso de Posgrado\u00a0\u00abFronteras, ilegalismos y estados: repensando conceptos a partir de etnograf\u00edas\u00bb"},"content":{"rendered":"<p>Prof. Br\u00edgida Renoldi &#8211; Inicia: 3 de noviembre de 2021<!--more--><\/p>\n<p>Maestr\u00eda en\u00a0Antropolog\u00eda y Especializaci\u00f3n en Antropolog\u00eda Social<br \/>\nDoctorado en Ciencias Antropol\u00f3gicas<\/p>\n<p><strong>Curso de Posgrado<em>\u00a0<\/em><\/strong><\/p>\n<p><strong>Fronteras, ilegalismos y estados: repensando conceptos a partir de etnograf\u00edas<\/strong><\/p>\n<hr \/>\n<p><strong><em>Docente a cargo: Br\u00edgida Renoldi <\/em><\/strong>(IESyH\/UNaM-CONICET\/FHyCS)<\/p>\n<p><strong><em>Docente invitada: Romina Brabo Guerra\u00a0 <\/em><\/strong>(ICCyC-UNNE) <strong><em>\u00a0<\/em><\/strong><\/p>\n<hr \/>\n<p>Las fronteras, como \u00e1mbitos de liminaridad, de tr\u00e1nsito, de diferenciaci\u00f3n y de pasaje, siempre fueron objeto de inter\u00e9s para la antropolog\u00eda. Si bien las fronteras instituyen el l\u00edmite que produce o reconoce la diferencia, expresan a su vez la continuidad entre lo que se diferencia. Tomando las fronteras internacionales como contexto, el curso profundizar\u00e1 la discusi\u00f3n anal\u00edtica sobre pr\u00e1cticas ilegales y \u00f3rdenes de estados. Recurriremos a textos te\u00f3ricos y a etnograf\u00edas para repensar algunos binarismos que sostienen las pol\u00edticas de Estado al intervenir correctivamente en el mundo \u201csocial\u201d, como estado\/sociedad, legalidad\/ilegalidad, seguridad\/inseguridad, centro\/periferia, movilidad\/estabilidad, entre otros. En s\u00edntesis, trabajaremos sobre la idea de frontera como perspectiva, desde el habitar, en la variedad de experiencias y expresiones que involucra para la vida de las personas y las cosas que por ella circulan.<\/p>\n<p><strong>Programa: <a href=\"http:\/\/ffyh.unc.edu.ar\/posgrado\/wp-content\/uploads\/sites\/3\/2021\/10\/Renoldi_CursoUNC21.pdf\">descargar<\/a><\/strong><\/p>\n<hr \/>\n<p><strong><u>Fechas<\/u><\/strong><\/p>\n<p>Mi\u00e9rcoles 3, 10, 17 y 24 de Noviembre<\/p>\n<p>Mi\u00e9rcoles\u00a01 de Diciembre<\/p>\n<p><strong>18.00hs\u00a0<\/strong><\/p>\n<p>(Curso dictado de manera virtual en clases sincr\u00f3nicas)<\/p>\n<p><u>Ver programa adjunto.<\/u><\/p>\n<hr \/>\n<p><strong><u>Inscripci\u00f3n<\/u><\/strong><\/p>\n<p>Todas las personas interesadas en participar del curso deber\u00e1n llenar el siguiente <strong><u><a href=\"https:\/\/docs.google.com\/forms\/d\/e\/1FAIpQLSeojCk7ckcJ0Jqm69Sb_8xKOoGBr9vM8NfaWwCwTMIMRsM12g\/viewform?usp=sf_link\" data-saferedirecturl=\"https:\/\/www.google.com\/url?q=https:\/\/docs.google.com\/forms\/d\/e\/1FAIpQLSeojCk7ckcJ0Jqm69Sb_8xKOoGBr9vM8NfaWwCwTMIMRsM12g\/viewform?usp%3Dsf_link&amp;source=gmail&amp;ust=1635021422436000&amp;usg=AFQjCNGBmeCr7eG0Mr9cIOkD4KoBF1WACw\">Formulario<\/a><\/u><\/strong><strong>\u00a0<\/strong><b>hasta el d\u00eda 28\/10\/2021.\u00a0<\/b><\/p>\n<p>Finalizada la fecha de inscripci\u00f3n recibir\u00e1n informaci\u00f3n sobre el ingreso al Aula Virtual.<\/p>\n<hr \/>\n<p><b>Costo del curso para alumnxs externxs:\u00a0<\/b><b>$3500*<\/b><\/p>\n<p>Deber\u00e1n inscribirse en el\u00a0<a href=\"https:\/\/docs.google.com\/forms\/d\/e\/1FAIpQLSeojCk7ckcJ0Jqm69Sb_8xKOoGBr9vM8NfaWwCwTMIMRsM12g\/viewform\" data-saferedirecturl=\"https:\/\/www.google.com\/url?q=https:\/\/docs.google.com\/forms\/d\/e\/1FAIpQLSeojCk7ckcJ0Jqm69Sb_8xKOoGBr9vM8NfaWwCwTMIMRsM12g\/viewform&amp;source=gmail&amp;ust=1635021422436000&amp;usg=AFQjCNGw2etwmrVE0p6nqCYKevoJthiheQ\">formulario<\/a>\u00a0y seguir las instrucciones de pago all\u00ed detalladas.<\/p>\n<hr \/>\n<p><strong>Consultas:\u00a0<a href=\"mailto:maeantro@ffyh.unc.edu.ar\">maeantro@ffyh.unc.edu.ar<\/a><\/strong><\/p>\n","protected":false},"excerpt":{"rendered":"<p>Prof. Br\u00edgida Renoldi &#8211; Inicia: 3 de noviembre de 2021<\/p>\n","protected":false},"author":5,"featured_media":7119,"comment_status":"closed","ping_status":"closed","sticky":false,"template":"","format":"standard","meta":{"_acf_changed":false,"colormag_page_container_layout":"default_layout","colormag_page_sidebar_layout":"default_layout","_jetpack_memberships_contains_paid_content":false,"footnotes":""},"categories":[1],"tags":[111,24,34,46],"class_list":["post-8136","post","type-post","status-publish","format-standard","has-post-thumbnail","hentry","category-novedades","tag-111","tag-doctorado-en-cs-antropologicas","tag-especializacion-en-antropologia-social","tag-maestria-en-antropologia"],"acf":[],"jetpack_featured_media_url":"https:\/\/ffyh.unc.edu.ar\/posgrado\/wp-content\/uploads\/sites\/3\/2019\/09\/Esp-y-Ma-Antropolog\u00eda.jpg","jetpack_sharing_enabled":true,"_links":{"self":[{"href":"https:\/\/ffyh.unc.edu.ar\/posgrado\/wp-json\/wp\/v2\/posts\/8136","targetHints":{"allow":["GET"]}}],"collection":[{"href":"https:\/\/ffyh.unc.edu.ar\/posgrado\/wp-json\/wp\/v2\/posts"}],"about":[{"href":"https:\/\/ffyh.unc.edu.ar\/posgrado\/wp-json\/wp\/v2\/types\/post"}],"author":[{"embeddable":true,"href":"https:\/\/ffyh.unc.edu.ar\/posgrado\/wp-json\/wp\/v2\/users\/5"}],"replies":[{"embeddable":true,"href":"https:\/\/ffyh.unc.edu.ar\/posgrado\/wp-json\/wp\/v2\/comments?post=8136"}],"version-history":[{"count":1,"href":"https:\/\/ffyh.unc.edu.ar\/posgrado\/wp-json\/wp\/v2\/posts\/8136\/revisions"}],"predecessor-version":[{"id":8138,"href":"https:\/\/ffyh.unc.edu.ar\/posgrado\/wp-json\/wp\/v2\/posts\/8136\/revisions\/8138"}],"wp:featuredmedia":[{"embeddable":true,"href":"https:\/\/ffyh.unc.edu.ar\/posgrado\/wp-json\/wp\/v2\/media\/7119"}],"wp:attachment":[{"href":"https:\/\/ffyh.unc.edu.ar\/posgrado\/wp-json\/wp\/v2\/media?parent=8136"}],"wp:term":[{"taxonomy":"category","embeddable":true,"href":"https:\/\/ffyh.unc.edu.ar\/posgrado\/wp-json\/wp\/v2\/categories?post=8136"},{"taxonomy":"post_tag","embeddable":true,"href":"https:\/\/ffyh.unc.edu.ar\/posgrado\/wp-json\/wp\/v2\/tags?post=8136"}],"curies":[{"name":"wp","href":"https:\/\/api.w.org\/{rel}","templated":true}]}}