{"id":8343,"date":"2022-04-01T19:00:15","date_gmt":"2022-04-01T19:00:15","guid":{"rendered":"https:\/\/ffyh.unc.edu.ar\/posgrado\/?p=8343"},"modified":"2022-04-01T19:07:07","modified_gmt":"2022-04-01T19:07:07","slug":"comienza-el-ciclo-torna-africa","status":"publish","type":"post","link":"https:\/\/ffyh.unc.edu.ar\/posgrado\/2022\/04\/01\/comienza-el-ciclo-torna-africa\/","title":{"rendered":"Comienza el ciclo \u201cTorna-AFRICA\u201d"},"content":{"rendered":"<p><strong>Organizado por el Doctorado en Historia de la FFyH, el Programa de Estudios Africanos del CEA (Facultad de Ciencias Sociales) y el Programa de Investigaci\u00f3n sobre \u00c1frica y su Di\u00e1spora en Am\u00e9rica Latina (AFRYDAL) del CIECS-CONICET, el 25 de abril ser\u00e1 la primera clase magistral, a cargo de Antonio Morone, de la Universidad de Pav\u00eda (Italia). La propuesta pretende poner en discusi\u00f3n problem\u00e1ticas necesarias para comprender la situaci\u00f3n actual del continente africano.<\/strong><!--more--><\/p>\n<p>&nbsp;<\/p>\n<p>El lunes 25 de abril ser\u00e1 la inauguraci\u00f3n del ciclo \u201cTorna AFRICA\u201d con la clase magistral \u201cDerrumbe del Colonialismo italiano en \u00c1frica. Memoria y Herencia Racista\u201d, a cargo de Antonio Morone, profesor de la Universidad de Pav\u00eda en Italia. Las actividades del primer semestre continuar\u00e1n con la conferencia \u201cGenocidio en Rwanda | Entre la Desidia y la Complicidad. Debate sobre la injerencia de los actores internacionales\u201d, dictada por Silvia Perazzo (ANU-AR | ISJVG | UNLAM), que se realizar\u00e1 el viernes 29 de abril.<\/p>\n<p>\u201cColonizaci\u00f3n, procesos de independencias, ecolog\u00eda, seguridad alimentaria, derechos humanos, ser\u00e1n algunos de los temas sustanciales que se abordar\u00e1n en estos encuentros con docentes e investigadores africanistas, nacionales y extranjeros. Pretendemos, a partir de estos encuentros mensuales convocar a participar de manera libre y gratuita a la comunidad universitaria y dem\u00e1s integrantes de la sociedad cordobesa, \u00e1vidos de mayores conocimientos sobre una regi\u00f3n esencial en la historia de la humanidad y, pese a ello, marginada en las curr\u00edculas educativas\u201d, se\u00f1alan Diego Buffa y Mar\u00eda Jos\u00e9 Becerra, coordinadores acad\u00e9micos del ciclo organizado por el Doctorado en Historia de la FFyH, el Programa de Estudios Africanos del CEA (Facultad de Ciencias Sociales) y el Programa de Investigaci\u00f3n sobre \u00c1frica y su Di\u00e1spora en Am\u00e9rica Latina (AFRYDAL) del CIECS-CONICET.<\/p>\n<p>Para finalizar la primera etapa, el 30 de mayo ser\u00e1 la conferencia \u201cColonizaci\u00f3n e Independencias. Protagonismos y Caminos en el \u00c1frica bajo el dominio portugu\u00e9s\u201d, a cargo de Mar\u00eda Jos\u00e9 Becerra (UNC | UNTREF) y el 03 de junio, Diego Buffa (UNC | UNTREF) brindar\u00e1 la conferencia \u201cUTOP\u00cdA, CONTROVERSIA Y ENCRUCIJADA. Reflexiones necesarias para entender la historia presente de Mozambique\u201d.<\/p>\n<p>Todas las actividades ser\u00e1n con asistencia libre y gratuita y se desarrollar\u00e1n de 18 a 21hs, en el Aula B del Pabell\u00f3n Residencial, Ciudad Universitaria.<\/p>\n<p><strong>Segundo Semestre<br \/>\n<\/strong>Para la segunda mitad del a\u00f1o 2022, est\u00e1n programadas las conferencias a cargo de Bruno Carpinetti (UNAJ) y Jos\u00e9 Larker (UNL) para el mes de agosto. En septiembre contin\u00faan las conferencias de Jer\u00f3nimo Delgado Caicedo (UExternado \u2013 Colombia | Secretario General ALADAA internacional) y Myrna Rodriguez A\u00f1ues (BUAP \u2013 UNAN, M\u00e9xico) y finalizar\u00e1n en octubre con la participaci\u00f3n de Pablo Virasoro (Canciller\u00eda Argentina | UNLP) y Marlon Pe\u00f1a Labrador \u00a0(Canciller\u00eda Venezuela | Emb. en Angola, Zambia y Sao Tom\u00e9 e Pr\u00edncipe).<\/p>\n","protected":false},"excerpt":{"rendered":"<p>Organizado por el Doctorado en Historia de la FFyH, el Programa de Estudios Africanos del CEA (Facultad de Ciencias Sociales)<\/p>\n","protected":false},"author":5,"featured_media":8344,"comment_status":"open","ping_status":"open","sticky":false,"template":"","format":"standard","meta":{"_acf_changed":false,"colormag_page_container_layout":"default_layout","colormag_page_sidebar_layout":"default_layout","_jetpack_memberships_contains_paid_content":false,"footnotes":""},"categories":[1],"tags":[28],"class_list":["post-8343","post","type-post","status-publish","format-standard","has-post-thumbnail","hentry","category-novedades","tag-doctorado-en-historia"],"acf":[],"jetpack_featured_media_url":"https:\/\/ffyh.unc.edu.ar\/posgrado\/wp-content\/uploads\/sites\/3\/2022\/04\/ciclo-torna-africa.jpg","jetpack_sharing_enabled":true,"_links":{"self":[{"href":"https:\/\/ffyh.unc.edu.ar\/posgrado\/wp-json\/wp\/v2\/posts\/8343","targetHints":{"allow":["GET"]}}],"collection":[{"href":"https:\/\/ffyh.unc.edu.ar\/posgrado\/wp-json\/wp\/v2\/posts"}],"about":[{"href":"https:\/\/ffyh.unc.edu.ar\/posgrado\/wp-json\/wp\/v2\/types\/post"}],"author":[{"embeddable":true,"href":"https:\/\/ffyh.unc.edu.ar\/posgrado\/wp-json\/wp\/v2\/users\/5"}],"replies":[{"embeddable":true,"href":"https:\/\/ffyh.unc.edu.ar\/posgrado\/wp-json\/wp\/v2\/comments?post=8343"}],"version-history":[{"count":1,"href":"https:\/\/ffyh.unc.edu.ar\/posgrado\/wp-json\/wp\/v2\/posts\/8343\/revisions"}],"predecessor-version":[{"id":8345,"href":"https:\/\/ffyh.unc.edu.ar\/posgrado\/wp-json\/wp\/v2\/posts\/8343\/revisions\/8345"}],"wp:featuredmedia":[{"embeddable":true,"href":"https:\/\/ffyh.unc.edu.ar\/posgrado\/wp-json\/wp\/v2\/media\/8344"}],"wp:attachment":[{"href":"https:\/\/ffyh.unc.edu.ar\/posgrado\/wp-json\/wp\/v2\/media?parent=8343"}],"wp:term":[{"taxonomy":"category","embeddable":true,"href":"https:\/\/ffyh.unc.edu.ar\/posgrado\/wp-json\/wp\/v2\/categories?post=8343"},{"taxonomy":"post_tag","embeddable":true,"href":"https:\/\/ffyh.unc.edu.ar\/posgrado\/wp-json\/wp\/v2\/tags?post=8343"}],"curies":[{"name":"wp","href":"https:\/\/api.w.org\/{rel}","templated":true}]}}