{"id":8834,"date":"2022-11-01T18:30:57","date_gmt":"2022-11-01T18:30:57","guid":{"rendered":"https:\/\/ffyh.unc.edu.ar\/posgrado\/?p=8834"},"modified":"2022-12-06T19:40:48","modified_gmt":"2022-12-06T19:40:48","slug":"defensas-de-tesis-y-trabajos-finales-noviembre-2022","status":"publish","type":"post","link":"https:\/\/ffyh.unc.edu.ar\/posgrado\/2022\/11\/01\/defensas-de-tesis-y-trabajos-finales-noviembre-2022\/","title":{"rendered":"Defensas de Tesis y Trabajos Finales | Noviembre 2022"},"content":{"rendered":"<p><!--more--><\/p>\n<p>La Secretar\u00eda de Posgrado informa que la estudiante <strong>Mar\u00eda Luz Loyola<\/strong> defender\u00e1 su <span dir=\"ltr\" role=\"presentation\">Trabajo<\/span> <span dir=\"ltr\" role=\"presentation\">Final<\/span> <span dir=\"ltr\" role=\"presentation\">Integrador<\/span> <span dir=\"ltr\" role=\"presentation\">de<\/span> <span dir=\"ltr\" role=\"presentation\">la<\/span> <span dir=\"ltr\" role=\"presentation\">Especializaci\u00f3n<\/span> <span dir=\"ltr\" role=\"presentation\">en<\/span> <span dir=\"ltr\" role=\"presentation\">Adolescencia<\/span> <span dir=\"ltr\" role=\"presentation\">con<\/span> <span dir=\"ltr\" role=\"presentation\">menci\u00f3n<\/span> <span dir=\"ltr\" role=\"presentation\">en<\/span> <span dir=\"ltr\" role=\"presentation\">Educaci\u00f3n<\/span>, titulado: \u201c<strong><em><span dir=\"ltr\" role=\"presentation\">Adolescencia y convivencia escolar: La promoci\u00f3n de valores en primer a\u00f1o<\/span><\/em><\/strong>\u201d. Actuar\u00e1n como Jurados les Profesorxs <span dir=\"ltr\" role=\"presentation\">Magister Ana Luisa Cilimbini, Especialista Sonia Arce y doctor Diego Moreiras<\/span>. La defensa se realizar\u00e1 el d\u00eda mi\u00e9rcoles 2 de noviembre de 2022, 12:00 hs.<\/p>\n<hr \/>\n<p>La Secretar\u00eda de Posgrado informa que la Licenciada <strong><span dir=\"ltr\" role=\"presentation\">Roc\u00edo Soledad Poggetti<\/span><\/strong> defender\u00e1 su tesis de Doctorado en Historia, titulada: \u201c<strong><em><span dir=\"ltr\" role=\"presentation\"><span id=\"parent-fieldname-description\" class=\"\">Perfiles cooperativos en tensi\u00f3n. Transformaciones organizativas e institucionales de los v\u00ednculos asociativos: la Cooperativa Ma\u00edz Ltda. (1990-2010)<\/span><\/span><\/em><\/strong>\u201d. D<span dir=\"ltr\" role=\"presentation\">irigida y co-dirigido por la Doctora Gabriela Olivera <\/span><span dir=\"ltr\" role=\"presentation\">y el Doctor Gabriel Fernando Carini, respectivamente<\/span>. Actuar\u00e1n como Jurados les Profesorxs <span dir=\"ltr\" role=\"presentation\">Doctor<\/span><span dir=\"ltr\" role=\"presentation\"> Juan Manuel Cerd\u00e1, Doctor Lisandro Rodr\u00edguez y Doctora Silvia Mor\u00f3n<\/span>. La defensa se realizar\u00e1 el d\u00eda jueves 3 de octubre de 2022, 10:00 hs.<\/p>\n<hr \/>\n<p>La Secretar\u00eda de Posgrado informa que la Licenciada <strong><span dir=\"ltr\" role=\"presentation\">Mariana Correra<\/span><\/strong> defender\u00e1 su tesis de Doctorado en Ciencias de la Educaci\u00f3n, titulada: \u201c<strong><em><span dir=\"ltr\" role=\"presentation\"><span id=\"parent-fieldname-description\" class=\"\">Pol\u00edticas de terminalidad educativa y derecho a la educaci\u00f3n: el caso de Plan FinEs y el Programa Vos Pod\u00e9s en la Provincia de La Pampa, Argentina (2012-2019)<\/span><\/span><\/em><\/strong>\u201d. D<span dir=\"ltr\" role=\"presentation\">irigida y co-dirigida por la Doctora Marina Medan <\/span><span dir=\"ltr\" role=\"presentation\">y la Doctora Mar\u00eda Cecilia Bocchio, respectivamente<\/span>. Actuar\u00e1n como Jurados las Profesoras Doctora <span dir=\"ltr\" role=\"presentation\">Jorgelina Yapur, Doctora Estela Miranda y Doctora Carla Villagr\u00e1n<\/span>. La defensa se realizar\u00e1 el d\u00eda lunes 7 de noviembre de 2022, 10:00 hs.<\/p>\n<hr \/>\n<p>La Secretar\u00eda de Posgrado informa que la Licenciada <strong><span dir=\"ltr\" role=\"presentation\">Aldana Calder\u00f3n Archina<\/span><\/strong> defender\u00e1 su tesis de Doctorado en Ciencias Antropol\u00f3gicas, titulada: \u201c<strong><em><span dir=\"ltr\" role=\"presentation\"><span id=\"parent-fieldname-description\" class=\"\">Etnicidad Sa\u00e1. Una aproximaci\u00f3n etnogr\u00e1fica al estudio del estado y los movimientos ind\u00edgenas en San Luis, Argentina<\/span><\/span><\/em><\/strong>\u201d. D<span dir=\"ltr\" role=\"presentation\">irigida por el Doctor Diego Escolar<\/span>. Actuar\u00e1n como Jurados les Profesorxs <span dir=\"ltr\" role=\"presentation\">Doctor Rafael<\/span><span dir=\"ltr\" role=\"presentation\">Curtoni, Doctor Jos\u00e9 Mar\u00eda Bompadre y Doctora Diana Lenton<\/span>. La defensa se realizar\u00e1 el d\u00eda mi\u00e9rcoles 9 de noviembre de 2022, 15:00 hs.<\/p>\n<hr \/>\n<p>La Secretar\u00eda de Posgrado informa que el Licenciado y Mag\u00edster <strong><span dir=\"ltr\" role=\"presentation\">Fernando Ezequiel Kalin<\/span><\/strong> defender\u00e1 su tesis de Doctorado en Ciencias Antropol\u00f3gicas, titulada: \u201c<strong><em><span dir=\"ltr\" role=\"presentation\"><span id=\"parent-fieldname-description\" class=\"\">Los entreno para que me superen: una etnograf\u00eda sobre emprendedores y emprendedoras de CrossFit en Santiago del Estero y Presidencia Roque S\u00e1enz Pe\u00f1a, Chaco<\/span><\/span><\/em><\/strong>\u201d. D<span dir=\"ltr\" role=\"presentation\">irigido y co-dirigido <\/span><span dir=\"ltr\" role=\"presentation\">por la Doctora Mar\u00eda In\u00e9s Landa y la Doctora Cecilia Alejandra Castro, respectivamente<\/span>. Actuar\u00e1n como Jurados los Profesores <span dir=\"ltr\" role=\"presentation\">Doctor Osvaldo L\u00f3pez Ruiz, Doctor Gast\u00f3n Juli\u00e1n Gil y Doctor Nicol\u00e1s Cabrera<\/span>. La defensa se realizar\u00e1 el d\u00eda mi\u00e9rcoles 16 de noviembre de 2022, 12:00 hs.<\/p>\n<hr \/>\n<p>La Secretar\u00eda de Posgrado informa que la estudiante <strong>Mar\u00eda de los \u00c1ngeles Br\u00edgido<\/strong> defender\u00e1 su Trabajo Final de Especializaci\u00f3n en Adolescencia, con Menci\u00f3n en Educaci\u00f3n, titulado: \u201c<strong><em><span dir=\"ltr\" role=\"presentation\">\u201c5 DIAS 5 COVID\u201d Herramientas para transitar la semana del estudiante en aislamiento<\/span><\/em><\/strong>\u201d. Actuar\u00e1n como Jurados les Profesorxs Doctor Diego Moreiras, Mag\u00edster Elizabeth Vidal y Especialista Sonia Arce . La defensa se realizar\u00e1 el d\u00eda mi\u00e9rcoles 23 de noviembre de 2022, 09:30 hs.<\/p>\n<hr \/>\n<p>La Secretar\u00eda de Posgrado informa que la Licenciada <strong><span dir=\"ltr\" role=\"presentation\">Mar\u00eda Cecilia Acosta<\/span><\/strong> defender\u00e1 su tesis de Doctorado en Filosof\u00eda, titulada: \u201c<strong><em><span dir=\"ltr\" role=\"presentation\"><span id=\"parent-fieldname-description\" class=\"\">La dial\u00e9ctica negativa de Theodor W. Adorno y la est\u00e9tica como posibilidad de capturar la totalidad de lo real<\/span><\/span><\/em><\/strong>\u201d. D<span dir=\"ltr\" role=\"presentation\">irigida y co-dirigida <\/span><span dir=\"ltr\" role=\"presentation\">por la Doctora Cristina Rochetti y la Doctora Adriana Arpini, respectivamente<\/span>. Actuar\u00e1n como Jurados los Profesores Doctor Daniel Scheck, Doctor Esteban Ju\u00e1rez y Doctor Edgar Rufinetti. La defensa se realizar\u00e1 el d\u00eda mi\u00e9rcoles 23 de noviembre de 2022, 10:00 hs.<\/p>\n<hr \/>\n<p>La Secretar\u00eda de Posgrado informa que el Licenciado <strong><span dir=\"ltr\" role=\"presentation\">Mat\u00edas Andr\u00e9s Saracho<\/span><\/strong> defender\u00e1 su tesis de Doctorado en Filosof\u00eda, titulada: \u201c<strong><em><span dir=\"ltr\" role=\"presentation\"><span id=\"parent-fieldname-description\" class=\"\">Deducci\u00f3n teorem\u00e1tica y resoluci\u00f3n de problemas: la relevancia de Peirce para la concepci\u00f3n heur\u00edstica de la matem\u00e1tica<\/span><\/span><\/em><\/strong>\u201d. D<span dir=\"ltr\" role=\"presentation\">irigido y co-dirigido <\/span><span dir=\"ltr\" role=\"presentation\">por la Doctora Norma B.<br role=\"presentation\" \/>Goethe y el Doctor Luis Adri\u00e1n Urtubey, respectivamente<\/span>. Actuar\u00e1n como Jurados les Profesorxs <span dir=\"ltr\" role=\"presentation\">Doctor Javier Legris, Doctora Sandra Visokolskis y Doctor Diego Letzen<\/span>. La defensa se realizar\u00e1 el d\u00eda martes 29 de noviembre de 2022, 14:30 hs.<\/p>\n","protected":false},"excerpt":{"rendered":"","protected":false},"author":5,"featured_media":7031,"comment_status":"open","ping_status":"open","sticky":false,"template":"","format":"standard","meta":{"_acf_changed":false,"colormag_page_container_layout":"default_layout","colormag_page_sidebar_layout":"default_layout","_jetpack_memberships_contains_paid_content":false,"footnotes":""},"categories":[1],"tags":[19,20,21],"class_list":["post-8834","post","type-post","status-publish","format-standard","has-post-thumbnail","hentry","category-novedades","tag-defensa-de-tesis","tag-defensa-de-tesis-doctoral","tag-defensa-trabajo-final"],"acf":[],"jetpack_featured_media_url":"https:\/\/ffyh.unc.edu.ar\/posgrado\/wp-content\/uploads\/sites\/3\/2019\/08\/Logo-posgrado-2018-e1567620490532.png","jetpack_sharing_enabled":true,"_links":{"self":[{"href":"https:\/\/ffyh.unc.edu.ar\/posgrado\/wp-json\/wp\/v2\/posts\/8834","targetHints":{"allow":["GET"]}}],"collection":[{"href":"https:\/\/ffyh.unc.edu.ar\/posgrado\/wp-json\/wp\/v2\/posts"}],"about":[{"href":"https:\/\/ffyh.unc.edu.ar\/posgrado\/wp-json\/wp\/v2\/types\/post"}],"author":[{"embeddable":true,"href":"https:\/\/ffyh.unc.edu.ar\/posgrado\/wp-json\/wp\/v2\/users\/5"}],"replies":[{"embeddable":true,"href":"https:\/\/ffyh.unc.edu.ar\/posgrado\/wp-json\/wp\/v2\/comments?post=8834"}],"version-history":[{"count":11,"href":"https:\/\/ffyh.unc.edu.ar\/posgrado\/wp-json\/wp\/v2\/posts\/8834\/revisions"}],"predecessor-version":[{"id":8911,"href":"https:\/\/ffyh.unc.edu.ar\/posgrado\/wp-json\/wp\/v2\/posts\/8834\/revisions\/8911"}],"wp:featuredmedia":[{"embeddable":true,"href":"https:\/\/ffyh.unc.edu.ar\/posgrado\/wp-json\/wp\/v2\/media\/7031"}],"wp:attachment":[{"href":"https:\/\/ffyh.unc.edu.ar\/posgrado\/wp-json\/wp\/v2\/media?parent=8834"}],"wp:term":[{"taxonomy":"category","embeddable":true,"href":"https:\/\/ffyh.unc.edu.ar\/posgrado\/wp-json\/wp\/v2\/categories?post=8834"},{"taxonomy":"post_tag","embeddable":true,"href":"https:\/\/ffyh.unc.edu.ar\/posgrado\/wp-json\/wp\/v2\/tags?post=8834"}],"curies":[{"name":"wp","href":"https:\/\/api.w.org\/{rel}","templated":true}]}}