{"id":9265,"date":"2023-05-05T18:04:45","date_gmt":"2023-05-05T18:04:45","guid":{"rendered":"https:\/\/ffyh.unc.edu.ar\/posgrado\/?p=9265"},"modified":"2023-05-05T18:10:54","modified_gmt":"2023-05-05T18:10:54","slug":"seminario-de-posgrado-condiciones-sociales-institucionales-y-aulicas-en-las-problematicas-educativas-del-escolar-primario","status":"publish","type":"post","link":"https:\/\/ffyh.unc.edu.ar\/posgrado\/2023\/05\/05\/seminario-de-posgrado-condiciones-sociales-institucionales-y-aulicas-en-las-problematicas-educativas-del-escolar-primario\/","title":{"rendered":"Seminario de posgrado: \u201cCondiciones sociales, institucionales y \u00e1ulicas en las problem\u00e1ticas educativas del escolar primario\u201d."},"content":{"rendered":"<p><strong>Mgter. Olga Silvia \u00c1vila. Inicia: 11 de mayo de 2023.<br \/>\n<\/strong><!--more--><\/p>\n<p><strong><em><br \/>\n<\/em><\/strong><u>Presentaci\u00f3n:<\/u><\/p>\n<p>El seminario se propone problematizar la escolarizaci\u00f3n como experiencia social y educativa de sustantivo valor formativo en la ni\u00f1ez y la escuela como instituci\u00f3n en sus complejidades actuales. En la modalidad virtual, opci\u00f3n impuesta por las circunstancias, intentaremos construirlo como una red de conversaciones: entre docente a cargo y cursantes, entre cursantes al interior de grupos de trabajo, de los cursantes con actores educativos, entre cursantes y materiales audiovisuales, entre cursantes y textos.<\/p>\n<p>Esperamos que esos di\u00e1logos nos permitan abordar los contenidos al mismo tiempo que reflexionar acerca las cuestiones educativas e institucionales, pensadas desde el lugar de la intervenci\u00f3n, incorporando las contingencias de la actualidad a modo de analizadores que orientan nuevas preguntas y abren caminos a un pensamiento siempre en construcci\u00f3n.<\/p>\n<p><strong>Programa: <\/strong><a href=\"https:\/\/drive.google.com\/file\/d\/17Xy9L0xK6n63m7CONHUHXPAIYjTc0bUT\/view?usp=share_link\" data-saferedirecturl=\"https:\/\/www.google.com\/url?q=https:\/\/drive.google.com\/file\/d\/17Xy9L0xK6n63m7CONHUHXPAIYjTc0bUT\/view?usp%3Dshare_link&amp;source=gmail&amp;ust=1683395993025000&amp;usg=AOvVaw0jcldfhAN3TrjXu9QjNGFx\"><strong>consultar<\/strong><\/a><\/p>\n<hr \/>\n<p><strong><u>D\u00edas, horarios y lugar<\/u><\/strong><\/p>\n<p>11 y 12 de mayo \u2013 10 a 17 hs.<\/p>\n<p>Modalidad presencial.<\/p>\n<p>Pabell\u00f3n Residencial, FFyH-UNC (<a href=\"https:\/\/ffyh.unc.edu.ar\/posgrado\/ubicacion\/\" data-saferedirecturl=\"https:\/\/www.google.com\/url?q=https:\/\/ffyh.unc.edu.ar\/posgrado\/ubicacion\/&amp;source=gmail&amp;ust=1683395993025000&amp;usg=AOvVaw1suDpiox8b2YLGcNAEHsNd\">ver ubicaci\u00f3n<\/a>)<\/p>\n<p><em>El curso tiene contemplado actividades por medio del aula virtual<\/em><\/p>\n<p><strong>Acredita: 30 hs.<\/strong><\/p>\n<hr \/>\n<p><strong><u>Inscripci\u00f3n<\/u><\/strong><\/p>\n<p><strong>Alumnxs de las carreras de Especializaci\u00f3n en Psicopedagog\u00eda Escolar<\/strong><\/p>\n<p><strong>Etapa 1: Inscripci\u00f3n SIU Guaran\u00ed<\/strong><\/p>\n<p>Instructivo:\u00a0<a href=\"https:\/\/drive.google.com\/file\/d\/1bOj9wbcAUCgtYRWWCjxRFdmsoThhrNo9\/view?usp=sharing\" data-saferedirecturl=\"https:\/\/www.google.com\/url?q=https:\/\/drive.google.com\/file\/d\/1bOj9wbcAUCgtYRWWCjxRFdmsoThhrNo9\/view?usp%3Dsharing&amp;source=gmail&amp;ust=1683395993025000&amp;usg=AOvVaw3OvsojUAy9JMBZkDufrawf\">ver<\/a><\/p>\n<p><strong>Etapa 2: Completar formulario<\/strong><strong>\u00a0<\/strong><a href=\"https:\/\/forms.gle\/rNQP5UMCkjB7QV1z9\" data-saferedirecturl=\"https:\/\/www.google.com\/url?q=https:\/\/forms.gle\/rNQP5UMCkjB7QV1z9&amp;source=gmail&amp;ust=1683395993025000&amp;usg=AOvVaw2GU7tSJYsDG-v11_y9NBs4\"><strong>ingresar<\/strong><\/a><br \/>\n(<em>hasta el d\u00eda 10\/05<\/em>)<\/p>\n<p>&nbsp;<\/p>\n<p><strong>Alumnxs externxs a la carrera organizadora<\/strong><\/p>\n<p><strong>Etapa 1: Inscripci\u00f3n SIU Guaran\u00ed<\/strong><\/p>\n<p>Instructivo para alumnxs con usuario SIU-Guaran\u00ed:\u00a0<a href=\"http:\/\/ffyh.unc.edu.ar\/posgrado\/wp-content\/uploads\/sites\/3\/2023\/03\/Alumnxs-con-usuario-Cursos-de-posgrado-Inscripcion-a-cursada-SIU-Guarani.pdf\" data-saferedirecturl=\"https:\/\/www.google.com\/url?q=http:\/\/ffyh.unc.edu.ar\/posgrado\/wp-content\/uploads\/sites\/3\/2023\/03\/Alumnxs-con-usuario-Cursos-de-posgrado-Inscripcion-a-cursada-SIU-Guarani.pdf&amp;source=gmail&amp;ust=1683395993025000&amp;usg=AOvVaw1zO6xk4S6RoPNwev1Off98\">ver<\/a><\/p>\n<p>Instructivo para alumnxs SIN usuario SIU-Guaran\u00ed:\u00a0<a href=\"http:\/\/ffyh.unc.edu.ar\/posgrado\/wp-content\/uploads\/sites\/3\/2023\/03\/Alumnxs-SIN-usuario-Cursos-de-posgrado-Inscripcion-a-cursada-SIU-Guarani.pdf\" data-saferedirecturl=\"https:\/\/www.google.com\/url?q=http:\/\/ffyh.unc.edu.ar\/posgrado\/wp-content\/uploads\/sites\/3\/2023\/03\/Alumnxs-SIN-usuario-Cursos-de-posgrado-Inscripcion-a-cursada-SIU-Guarani.pdf&amp;source=gmail&amp;ust=1683395993025000&amp;usg=AOvVaw2b0nHRZBE2ujhIW3xTh6dl\">ver<\/a><\/p>\n<p><strong>Etapa 2: Completar formulario<\/strong><strong>\u00a0<\/strong><a href=\"https:\/\/forms.gle\/rNQP5UMCkjB7QV1z9\" data-saferedirecturl=\"https:\/\/www.google.com\/url?q=https:\/\/forms.gle\/rNQP5UMCkjB7QV1z9&amp;source=gmail&amp;ust=1683395993025000&amp;usg=AOvVaw2GU7tSJYsDG-v11_y9NBs4\"><strong>ingresar<\/strong><\/a><br \/>\n(<em>hasta el d\u00eda 10\/05<\/em>)<\/p>\n<hr \/>\n<p><strong><u>Arancel para alumnxs externxs<\/u><\/strong>:\u00a0$8800<\/p>\n<p>Luego de completar el formulario de inscripci\u00f3n recibir\u00e1 informaci\u00f3n para realizar el pago.<\/p>\n<hr \/>\n<p><strong>Consultas:<\/strong>\u00a0<strong><a href=\"mailto:espsicopedagogia@ffyh.unc.edu.ar\">espsicopedagogia@ffyh.unc.edu.ar<\/a><\/strong><\/p>\n<hr \/>\n<p><strong>Ver otras propuestas de cursos:<\/strong> <a href=\"https:\/\/ffyh.unc.edu.ar\/posgrado\/tag\/cursos-2023\/\" data-saferedirecturl=\"https:\/\/www.google.com\/url?q=https:\/\/ffyh.unc.edu.ar\/posgrado\/tag\/cursos-2023\/&amp;source=gmail&amp;ust=1683395993025000&amp;usg=AOvVaw1_wU1cV79HVGxuPWWaGs7K\"><strong>ingresar<\/strong><\/a><\/p>\n","protected":false},"excerpt":{"rendered":"<p>Mgter. Olga Silvia \u00c1vila. Inicia: 11 de mayo de 2023.<\/p>\n","protected":false},"author":5,"featured_media":6194,"comment_status":"closed","ping_status":"closed","sticky":false,"template":"","format":"standard","meta":{"_acf_changed":false,"colormag_page_container_layout":"default_layout","colormag_page_sidebar_layout":"default_layout","_jetpack_memberships_contains_paid_content":false,"footnotes":""},"categories":[1],"tags":[134,138,39],"class_list":["post-9265","post","type-post","status-publish","format-standard","has-post-thumbnail","hentry","category-novedades","tag-curso-de-posgrado","tag-cursos-2023","tag-especializacion-en-psicopedagogia-escolar"],"acf":[],"jetpack_featured_media_url":"https:\/\/ffyh.unc.edu.ar\/posgrado\/wp-content\/uploads\/sites\/3\/2018\/03\/EPE.jpg","jetpack_sharing_enabled":true,"_links":{"self":[{"href":"https:\/\/ffyh.unc.edu.ar\/posgrado\/wp-json\/wp\/v2\/posts\/9265","targetHints":{"allow":["GET"]}}],"collection":[{"href":"https:\/\/ffyh.unc.edu.ar\/posgrado\/wp-json\/wp\/v2\/posts"}],"about":[{"href":"https:\/\/ffyh.unc.edu.ar\/posgrado\/wp-json\/wp\/v2\/types\/post"}],"author":[{"embeddable":true,"href":"https:\/\/ffyh.unc.edu.ar\/posgrado\/wp-json\/wp\/v2\/users\/5"}],"replies":[{"embeddable":true,"href":"https:\/\/ffyh.unc.edu.ar\/posgrado\/wp-json\/wp\/v2\/comments?post=9265"}],"version-history":[{"count":4,"href":"https:\/\/ffyh.unc.edu.ar\/posgrado\/wp-json\/wp\/v2\/posts\/9265\/revisions"}],"predecessor-version":[{"id":9269,"href":"https:\/\/ffyh.unc.edu.ar\/posgrado\/wp-json\/wp\/v2\/posts\/9265\/revisions\/9269"}],"wp:featuredmedia":[{"embeddable":true,"href":"https:\/\/ffyh.unc.edu.ar\/posgrado\/wp-json\/wp\/v2\/media\/6194"}],"wp:attachment":[{"href":"https:\/\/ffyh.unc.edu.ar\/posgrado\/wp-json\/wp\/v2\/media?parent=9265"}],"wp:term":[{"taxonomy":"category","embeddable":true,"href":"https:\/\/ffyh.unc.edu.ar\/posgrado\/wp-json\/wp\/v2\/categories?post=9265"},{"taxonomy":"post_tag","embeddable":true,"href":"https:\/\/ffyh.unc.edu.ar\/posgrado\/wp-json\/wp\/v2\/tags?post=9265"}],"curies":[{"name":"wp","href":"https:\/\/api.w.org\/{rel}","templated":true}]}}