{"id":9491,"date":"2023-07-21T11:36:57","date_gmt":"2023-07-21T11:36:57","guid":{"rendered":"https:\/\/ffyh.unc.edu.ar\/posgrado\/?p=9491"},"modified":"2023-07-21T11:37:13","modified_gmt":"2023-07-21T11:37:13","slug":"seminario-de-posgrado-aprendizajes-y-diferencias-una-psicopedagogia-de-la-inclusion","status":"publish","type":"post","link":"https:\/\/ffyh.unc.edu.ar\/posgrado\/2023\/07\/21\/seminario-de-posgrado-aprendizajes-y-diferencias-una-psicopedagogia-de-la-inclusion\/","title":{"rendered":"Seminario de Posgrado. \u201cAprendizajes y Diferencias. Una psicopedagog\u00eda de la inclusi\u00f3n\u201d"},"content":{"rendered":"<p style=\"text-align: left\" align=\"center\"><b><span lang=\"ES-AR\">Dra. Cristina Vairo<\/span>. Inicia: 25 de agosto de 2023.<br \/>\n<\/b><!--more--><\/p>\n<p style=\"text-align: left\" align=\"center\"><u>Presentaci\u00f3n:<\/u><\/p>\n<p style=\"text-align: left\">En este Seminario se aborda la problem\u00e1tica sobre el lugar que los sujetos le asignan a la diferencia en las relaciones pedag\u00f3gicas y como ese lugar incide en el aprendizaje de los alumnos. Adherimos a una concepci\u00f3n de aprendizaje como un proceso complejo en el que se conjugan la transmisi\u00f3n y la apropiaci\u00f3n de conocimientos condicionados por ese encuentro con los otros.<\/p>\n<p style=\"text-align: left\">Resulta relevante reflexionar, desde esta perspectiva, si la relaci\u00f3n con el semejante se estructura como una preocupaci\u00f3n pedag\u00f3gica y c\u00f3mo en torno a esto se mueven las expectativas en la constituci\u00f3n de espacios subjetivamente significativos y posibilitantes de procesos de aprendizajes cr\u00edticos y aut\u00f3nomos.<\/p>\n<p style=\"text-align: left\">Nos posicionamos, en una Psicopedagog\u00eda sustentada en la necesidad y la relevancia de propuestas escolares basadas en una pedagog\u00eda diferenciada que respeta los distintos modos de aprender de los sujetos.<\/p>\n<p style=\"text-align: left\"><b><span lang=\"ES-AR\">Programa: <\/span><\/b><span lang=\"EN-GB\"><a href=\"https:\/\/drive.google.com\/file\/d\/1BI4LQzMS7tm8IOCug5TTOCX1CeOJ1Jl7\/view?usp=sharing\" target=\"_blank\" rel=\"noopener\" data-saferedirecturl=\"https:\/\/www.google.com\/url?q=https:\/\/drive.google.com\/file\/d\/1BI4LQzMS7tm8IOCug5TTOCX1CeOJ1Jl7\/view?usp%3Dsharing&amp;source=gmail&amp;ust=1690025571645000&amp;usg=AOvVaw3TnOwS8QMW61md9Fcaai2d\"><b><span lang=\"ES-AR\">consultar<\/span><\/b><\/a><\/span><\/p>\n<div style=\"text-align: left\" align=\"center\">\n<hr align=\"center\" size=\"2\" width=\"100%\" \/>\n<\/div>\n<p style=\"text-align: left\" align=\"center\"><b><u>D\u00edas, horarios y lugar<\/u><\/b><\/p>\n<p style=\"text-align: left\" align=\"center\">Viernes 25 de agosto &#8211; 9 a 18 hs.<\/p>\n<p style=\"text-align: left\" align=\"center\">Incluye actividades en aula virtual.<\/p>\n<p style=\"text-align: left\" align=\"center\">Pabell\u00f3n Residencial, FFyH-UNC (<span lang=\"EN-GB\"><a href=\"https:\/\/ffyh.unc.edu.ar\/posgrado\/ubicacion\/\" target=\"_blank\" rel=\"noopener\" data-saferedirecturl=\"https:\/\/www.google.com\/url?q=https:\/\/ffyh.unc.edu.ar\/posgrado\/ubicacion\/&amp;source=gmail&amp;ust=1690025571645000&amp;usg=AOvVaw3hN9bVk6L0qIXW07yILtAh\"><span lang=\"ES\">ver ubicaci\u00f3n<\/span><\/a><\/span>)<\/p>\n<div style=\"text-align: left\" align=\"center\">\n<hr align=\"center\" size=\"2\" width=\"100%\" \/>\n<\/div>\n<p style=\"text-align: left\" align=\"center\"><b><u><span lang=\"ES-AR\">Inscripci\u00f3n<\/span><\/u><\/b><\/p>\n<p style=\"text-align: left\" align=\"center\"><b><span lang=\"ES-AR\">SIU Guaran\u00ed: <\/span><\/b><span lang=\"EN-GB\"><a href=\"https:\/\/autogestion.guarani.unc.edu.ar\/\" target=\"_blank\" rel=\"noopener\" data-saferedirecturl=\"https:\/\/www.google.com\/url?q=https:\/\/autogestion.guarani.unc.edu.ar\/&amp;source=gmail&amp;ust=1690025571645000&amp;usg=AOvVaw3-6BHJfFWZB11WC0-uuBQ6\"><b><span lang=\"ES-AR\">autogestion.guarani.unc.edu.ar<\/span><\/b><\/a><\/span><b><\/b><\/p>\n<p style=\"text-align: left\" align=\"center\"><span lang=\"ES-AR\">Instructivo para alumnxs regulares de la carrera: <a href=\"https:\/\/drive.google.com\/file\/d\/1bOj9wbcAUCgtYRWWCjxRFdmsoThhrNo9\/view\" target=\"_blank\" rel=\"noopener\" data-saferedirecturl=\"https:\/\/www.google.com\/url?q=https:\/\/drive.google.com\/file\/d\/1bOj9wbcAUCgtYRWWCjxRFdmsoThhrNo9\/view&amp;source=gmail&amp;ust=1690025571645000&amp;usg=AOvVaw3ROknd_vYVdY1TepKTSQm4\">ver<\/a><\/span><\/p>\n<p style=\"text-align: left\" align=\"center\"><span lang=\"ES-AR\">Instructivo para alumnxs externxs a la carrera<\/span><\/p>\n<p style=\"text-align: left\" align=\"center\"><span lang=\"ES-AR\">Con usuario SIU-Guaran\u00ed:\u00a0<\/span><span lang=\"EN-GB\"><a href=\"http:\/\/ffyh.unc.edu.ar\/posgrado\/wp-content\/uploads\/sites\/3\/2023\/03\/Alumnxs-con-usuario-Cursos-de-posgrado-Inscripcion-a-cursada-SIU-Guarani.pdf\" target=\"_blank\" rel=\"noopener\" data-saferedirecturl=\"https:\/\/www.google.com\/url?q=http:\/\/ffyh.unc.edu.ar\/posgrado\/wp-content\/uploads\/sites\/3\/2023\/03\/Alumnxs-con-usuario-Cursos-de-posgrado-Inscripcion-a-cursada-SIU-Guarani.pdf&amp;source=gmail&amp;ust=1690025571645000&amp;usg=AOvVaw1FEhkU2DXAOVEUxQb38M5L\"><span lang=\"ES-AR\">ver<\/span><\/a><\/span><\/p>\n<p style=\"text-align: left\" align=\"center\"><span lang=\"ES-AR\">SIN usuario SIU-Guaran\u00ed:\u00a0<\/span><span lang=\"EN-GB\"><a href=\"http:\/\/ffyh.unc.edu.ar\/posgrado\/wp-content\/uploads\/sites\/3\/2023\/03\/Alumnxs-SIN-usuario-Cursos-de-posgrado-Inscripcion-a-cursada-SIU-Guarani.pdf\" target=\"_blank\" rel=\"noopener\" data-saferedirecturl=\"https:\/\/www.google.com\/url?q=http:\/\/ffyh.unc.edu.ar\/posgrado\/wp-content\/uploads\/sites\/3\/2023\/03\/Alumnxs-SIN-usuario-Cursos-de-posgrado-Inscripcion-a-cursada-SIU-Guarani.pdf&amp;source=gmail&amp;ust=1690025571645000&amp;usg=AOvVaw13lofqB585UQ0R6p14ci90\"><span lang=\"ES-AR\">ver<\/span><\/a><\/span><\/p>\n<p style=\"text-align: left\" align=\"center\"><span lang=\"EN-GB\">Consultas SIU Guaran\u00ed: <a href=\"mailto:despacho-posgrado@ffyh.unc.edu.ar\" target=\"_blank\" rel=\"noopener\">despacho-posgrado@ffyh.unc.edu.ar\u00a0<\/a><\/span><\/p>\n<p style=\"text-align: left\" align=\"center\"><i><span lang=\"ES-AR\">Cierre inscripci\u00f3n: 23\/08<\/span><\/i><span lang=\"EN-GB\">\u00a0<\/span><\/p>\n<div style=\"text-align: left\" align=\"center\">\n<hr align=\"center\" size=\"2\" width=\"100%\" \/>\n<\/div>\n<p style=\"text-align: left\" align=\"center\"><b>Acredita: 30 hs.<\/b><\/p>\n<div style=\"text-align: left\" align=\"center\">\n<hr align=\"center\" size=\"2\" width=\"100%\" \/>\n<\/div>\n<p style=\"text-align: left\" align=\"center\"><b><u><span lang=\"ES-AR\">Arancel<\/span><\/u><\/b>:\u00a0$9200<\/p>\n<p style=\"text-align: left\" align=\"center\"><span lang=\"ES-AR\">Luego de registrar sus datos recibir\u00e1 informaci\u00f3n para realizar el pago.<\/span><\/p>\n<div style=\"text-align: left\" align=\"center\">\n<hr align=\"center\" size=\"2\" width=\"100%\" \/>\n<\/div>\n<p style=\"text-align: left\" align=\"center\"><b>Consultas:<\/b><span lang=\"EN-GB\">\u00a0<\/span><b><a href=\"mailto:espsicopedagogia@ffyh.unc.edu.ar\" target=\"_blank\" rel=\"noopener\">espsicopedagogia@ffyh.unc.edu.ar<\/a><\/b><b><\/b><\/p>\n<div style=\"text-align: left\" align=\"center\">\n<hr align=\"center\" size=\"2\" width=\"100%\" \/>\n<\/div>\n<p style=\"text-align: left\" align=\"center\"><b>Ver otras propuestas de cursos:<\/b> <span lang=\"EN-GB\"><a href=\"https:\/\/ffyh.unc.edu.ar\/posgrado\/tag\/cursos-2023\/\" target=\"_blank\" rel=\"noopener\" data-saferedirecturl=\"https:\/\/www.google.com\/url?q=https:\/\/ffyh.unc.edu.ar\/posgrado\/tag\/cursos-2023\/&amp;source=gmail&amp;ust=1690025571645000&amp;usg=AOvVaw2r7ZM_QZlD6XvyG-An7uEw\"><b><span lang=\"ES\">ingresar<\/span><\/b><\/a><\/span><\/p>\n","protected":false},"excerpt":{"rendered":"<p>Dra. Cristina Vairo. Inicia: 25 de agosto de 2023.<\/p>\n","protected":false},"author":5,"featured_media":6194,"comment_status":"closed","ping_status":"closed","sticky":false,"template":"","format":"standard","meta":{"_acf_changed":false,"colormag_page_container_layout":"default_layout","colormag_page_sidebar_layout":"default_layout","_jetpack_memberships_contains_paid_content":false,"footnotes":""},"categories":[1],"tags":[138,39,60],"class_list":["post-9491","post","type-post","status-publish","format-standard","has-post-thumbnail","hentry","category-novedades","tag-cursos-2023","tag-especializacion-en-psicopedagogia-escolar","tag-seminario-de-posgrado"],"acf":[],"jetpack_featured_media_url":"https:\/\/ffyh.unc.edu.ar\/posgrado\/wp-content\/uploads\/sites\/3\/2018\/03\/EPE.jpg","jetpack_sharing_enabled":true,"_links":{"self":[{"href":"https:\/\/ffyh.unc.edu.ar\/posgrado\/wp-json\/wp\/v2\/posts\/9491","targetHints":{"allow":["GET"]}}],"collection":[{"href":"https:\/\/ffyh.unc.edu.ar\/posgrado\/wp-json\/wp\/v2\/posts"}],"about":[{"href":"https:\/\/ffyh.unc.edu.ar\/posgrado\/wp-json\/wp\/v2\/types\/post"}],"author":[{"embeddable":true,"href":"https:\/\/ffyh.unc.edu.ar\/posgrado\/wp-json\/wp\/v2\/users\/5"}],"replies":[{"embeddable":true,"href":"https:\/\/ffyh.unc.edu.ar\/posgrado\/wp-json\/wp\/v2\/comments?post=9491"}],"version-history":[{"count":1,"href":"https:\/\/ffyh.unc.edu.ar\/posgrado\/wp-json\/wp\/v2\/posts\/9491\/revisions"}],"predecessor-version":[{"id":9492,"href":"https:\/\/ffyh.unc.edu.ar\/posgrado\/wp-json\/wp\/v2\/posts\/9491\/revisions\/9492"}],"wp:featuredmedia":[{"embeddable":true,"href":"https:\/\/ffyh.unc.edu.ar\/posgrado\/wp-json\/wp\/v2\/media\/6194"}],"wp:attachment":[{"href":"https:\/\/ffyh.unc.edu.ar\/posgrado\/wp-json\/wp\/v2\/media?parent=9491"}],"wp:term":[{"taxonomy":"category","embeddable":true,"href":"https:\/\/ffyh.unc.edu.ar\/posgrado\/wp-json\/wp\/v2\/categories?post=9491"},{"taxonomy":"post_tag","embeddable":true,"href":"https:\/\/ffyh.unc.edu.ar\/posgrado\/wp-json\/wp\/v2\/tags?post=9491"}],"curies":[{"name":"wp","href":"https:\/\/api.w.org\/{rel}","templated":true}]}}