{"id":9552,"date":"2023-08-15T19:27:25","date_gmt":"2023-08-15T19:27:25","guid":{"rendered":"https:\/\/ffyh.unc.edu.ar\/posgrado\/?p=9552"},"modified":"2023-08-15T19:28:30","modified_gmt":"2023-08-15T19:28:30","slug":"curso-de-posgrado-antropologia-de-los-procesos-culturales-contemporaneos-9","status":"publish","type":"post","link":"https:\/\/ffyh.unc.edu.ar\/posgrado\/2023\/08\/15\/curso-de-posgrado-antropologia-de-los-procesos-culturales-contemporaneos-9\/","title":{"rendered":"Curso de Posgrado. \u201cAntropolog\u00eda de los procesos culturales contempor\u00e1neos\u201d"},"content":{"rendered":"<p><strong>Dr. Gustavo Bl\u00e1zquez y Dra. Cecilia Castro. Inicia: 16 de agosto de 2023.<br \/>\n<\/strong><!--more--><\/p>\n<p><u>Presentaci\u00f3n:<\/u><\/p>\n<p>&nbsp;<\/p>\n<p>Esta materia discute la formaci\u00f3n del concepto de Cultura en las Ciencias Sociales, con especial \u00e9nfasis en la Antropolog\u00eda y la formulaci\u00f3n de un \u201cconcepto antropol\u00f3gico de cultura\u201d utilizado para el dise\u00f1o y ejecuci\u00f3n de pol\u00edticas gubernamentales y la \u201cGesti\u00f3n Cultural\u201d. En un segundo momento, se analiza, a partir de una perspectiva procesualista las transformaciones de las \u201cculturas\u201d en tiempos de una expansi\u00f3n capitalista globalizada, reproducci\u00f3n ampliada de la sociedad del espect\u00e1culo integrada, pornograf\u00eda generalizada, guerras, narcotr\u00e1fico y \u201ctr\u00e1fico de personas\u201d. Estos an\u00e1lisis permitir\u00e1n discutir c\u00f3mo las transformaciones de las estructuras sociales y los cambios en las subjetividades capaces de hacerlas realidad y sentirlas como propias se producen mutuamente como parte de un mismo \u201cproceso\u201d.<\/p>\n<p><strong>Programa:\u00a0<\/strong><a href=\"https:\/\/drive.google.com\/file\/d\/1WGjMepBY2ZIzGJqISnq3o5QEsOZEGHvk\/view?usp=sharing\" data-saferedirecturl=\"https:\/\/www.google.com\/url?q=https:\/\/drive.google.com\/file\/d\/1WGjMepBY2ZIzGJqISnq3o5QEsOZEGHvk\/view?usp%3Dsharing&amp;source=gmail&amp;ust=1692213744639000&amp;usg=AOvVaw0XkdryGfbfOUHRw_qvzy73\"><strong>consultar<\/strong><\/a><\/p>\n<hr \/>\n<p><strong><u>D\u00edas, horarios y lugar<\/u><\/strong><\/p>\n<p>16, 17 y 18 de agosto &#8211; De 18 a 21h.<\/p>\n<p>6, 7, 8, 27, 28, 29 de septiembre &#8211; De 18 a 21h.<\/p>\n<p>Pabell\u00f3n Residencial, FFyH-UNC (<a href=\"https:\/\/ffyh.unc.edu.ar\/posgrado\/ubicacion\/\" data-saferedirecturl=\"https:\/\/www.google.com\/url?q=https:\/\/ffyh.unc.edu.ar\/posgrado\/ubicacion\/&amp;source=gmail&amp;ust=1692213744639000&amp;usg=AOvVaw1smQJ17FA3zXXJmvAPeKUN\">ver ubicaci\u00f3n<\/a>)<\/p>\n<p><strong>Acredita: 45 hs.<\/strong><\/p>\n<hr \/>\n<p><strong>Inscripci\u00f3n<\/strong><\/p>\n<p><strong>SIU Guaran\u00ed: <\/strong><a href=\"http:\/\/autogestion.guarani.unc.edu.ar\" data-saferedirecturl=\"https:\/\/www.google.com\/url?q=http:\/\/autogestion.guarani.unc.edu.ar&amp;source=gmail&amp;ust=1692213744639000&amp;usg=AOvVaw1VHDff8rkHxTDWxcdDLNiG\"><strong>autogestion.guarani.unc.edu.ar<\/strong><\/a><\/p>\n<p>Inscripci\u00f3n para alumnxs de la carrera:<\/p>\n<p>Instructivo:\u00a0<a href=\"https:\/\/drive.google.com\/file\/d\/1bOj9wbcAUCgtYRWWCjxRFdmsoThhrNo9\/view?usp=sharing\" data-saferedirecturl=\"https:\/\/www.google.com\/url?q=https:\/\/drive.google.com\/file\/d\/1bOj9wbcAUCgtYRWWCjxRFdmsoThhrNo9\/view?usp%3Dsharing&amp;source=gmail&amp;ust=1692213744639000&amp;usg=AOvVaw2-wIZHfIYL-UHfhuuvq1pX\">ver<\/a><\/p>\n<p>&nbsp;<\/p>\n<p>Inscripci\u00f3n para alumnxs externxs:<\/p>\n<p>Instructivo para alumnxs con usuario SIU-Guaran\u00ed:\u00a0<a href=\"http:\/\/ffyh.unc.edu.ar\/posgrado\/wp-content\/uploads\/sites\/3\/2023\/03\/Alumnxs-con-usuario-Cursos-de-posgrado-Inscripcion-a-cursada-SIU-Guarani.pdf\" data-saferedirecturl=\"https:\/\/www.google.com\/url?q=http:\/\/ffyh.unc.edu.ar\/posgrado\/wp-content\/uploads\/sites\/3\/2023\/03\/Alumnxs-con-usuario-Cursos-de-posgrado-Inscripcion-a-cursada-SIU-Guarani.pdf&amp;source=gmail&amp;ust=1692213744639000&amp;usg=AOvVaw3aqSQO3eb72-EcQonKrGPv\">ver<\/a><\/p>\n<p>Instructivo para alumnxs SIN usuario SIU-Guaran\u00ed:\u00a0<a href=\"http:\/\/ffyh.unc.edu.ar\/posgrado\/wp-content\/uploads\/sites\/3\/2023\/03\/Alumnxs-SIN-usuario-Cursos-de-posgrado-Inscripcion-a-cursada-SIU-Guarani.pdf\" data-saferedirecturl=\"https:\/\/www.google.com\/url?q=http:\/\/ffyh.unc.edu.ar\/posgrado\/wp-content\/uploads\/sites\/3\/2023\/03\/Alumnxs-SIN-usuario-Cursos-de-posgrado-Inscripcion-a-cursada-SIU-Guarani.pdf&amp;source=gmail&amp;ust=1692213744639000&amp;usg=AOvVaw1yTd8lIQuyRBwsYuV74G3s\">ver<\/a><\/p>\n<p>&nbsp;<\/p>\n<p>Fecha tope de inscripci\u00f3n para todos los casos: 16\/08<\/p>\n<hr \/>\n<p><strong><u>Arancel para alumnxs externxs<\/u><\/strong>:\u00a0$10000<\/p>\n<hr \/>\n<p><strong>Consultas:<\/strong>\u00a0<a href=\"mailto:maeantro@ffyh.unc.edu.ar\">maeantro@ffyh.unc.edu.ar<\/a><\/p>\n<hr \/>\n<p><strong>Ver otras propuestas de cursos:<\/strong>\u00a0<a href=\"https:\/\/ffyh.unc.edu.ar\/posgrado\/tag\/cursos-2023\/\" data-saferedirecturl=\"https:\/\/www.google.com\/url?q=https:\/\/ffyh.unc.edu.ar\/posgrado\/tag\/cursos-2023\/&amp;source=gmail&amp;ust=1692213744639000&amp;usg=AOvVaw29PcfvmvL1DnVLzDY8LVVU\"><strong>ingresar<\/strong><\/a><\/p>\n","protected":false},"excerpt":{"rendered":"<p>Dr. Gustavo Bl\u00e1zquez y Dra. Cecilia Castro. Inicia: 16 de agosto de 2023.<\/p>\n","protected":false},"author":5,"featured_media":6277,"comment_status":"closed","ping_status":"closed","sticky":false,"template":"","format":"standard","meta":{"_acf_changed":false,"colormag_page_container_layout":"default_layout","colormag_page_sidebar_layout":"default_layout","_jetpack_memberships_contains_paid_content":false,"footnotes":""},"categories":[1],"tags":[134,138,34,46],"class_list":["post-9552","post","type-post","status-publish","format-standard","has-post-thumbnail","hentry","category-novedades","tag-curso-de-posgrado","tag-cursos-2023","tag-especializacion-en-antropologia-social","tag-maestria-en-antropologia"],"acf":[],"jetpack_featured_media_url":"https:\/\/ffyh.unc.edu.ar\/posgrado\/wp-content\/uploads\/sites\/3\/2018\/06\/Esp-y-Ma-Antropolog\u00eda.jpg","jetpack_sharing_enabled":true,"_links":{"self":[{"href":"https:\/\/ffyh.unc.edu.ar\/posgrado\/wp-json\/wp\/v2\/posts\/9552","targetHints":{"allow":["GET"]}}],"collection":[{"href":"https:\/\/ffyh.unc.edu.ar\/posgrado\/wp-json\/wp\/v2\/posts"}],"about":[{"href":"https:\/\/ffyh.unc.edu.ar\/posgrado\/wp-json\/wp\/v2\/types\/post"}],"author":[{"embeddable":true,"href":"https:\/\/ffyh.unc.edu.ar\/posgrado\/wp-json\/wp\/v2\/users\/5"}],"replies":[{"embeddable":true,"href":"https:\/\/ffyh.unc.edu.ar\/posgrado\/wp-json\/wp\/v2\/comments?post=9552"}],"version-history":[{"count":2,"href":"https:\/\/ffyh.unc.edu.ar\/posgrado\/wp-json\/wp\/v2\/posts\/9552\/revisions"}],"predecessor-version":[{"id":9554,"href":"https:\/\/ffyh.unc.edu.ar\/posgrado\/wp-json\/wp\/v2\/posts\/9552\/revisions\/9554"}],"wp:featuredmedia":[{"embeddable":true,"href":"https:\/\/ffyh.unc.edu.ar\/posgrado\/wp-json\/wp\/v2\/media\/6277"}],"wp:attachment":[{"href":"https:\/\/ffyh.unc.edu.ar\/posgrado\/wp-json\/wp\/v2\/media?parent=9552"}],"wp:term":[{"taxonomy":"category","embeddable":true,"href":"https:\/\/ffyh.unc.edu.ar\/posgrado\/wp-json\/wp\/v2\/categories?post=9552"},{"taxonomy":"post_tag","embeddable":true,"href":"https:\/\/ffyh.unc.edu.ar\/posgrado\/wp-json\/wp\/v2\/tags?post=9552"}],"curies":[{"name":"wp","href":"https:\/\/api.w.org\/{rel}","templated":true}]}}