{"id":9885,"date":"2023-11-06T18:57:55","date_gmt":"2023-11-06T18:57:55","guid":{"rendered":"https:\/\/ffyh.unc.edu.ar\/posgrado\/?p=9885"},"modified":"2023-11-06T18:57:55","modified_gmt":"2023-11-06T18:57:55","slug":"conferencia-la-educacion-como-derecho-desafios-para-las-politicas-publicas","status":"publish","type":"post","link":"https:\/\/ffyh.unc.edu.ar\/posgrado\/2023\/11\/06\/conferencia-la-educacion-como-derecho-desafios-para-las-politicas-publicas\/","title":{"rendered":"Conferencia:\u00a0\u201cLa educaci\u00f3n como derecho: desaf\u00edos para las pol\u00edticas p\u00fablicas\u201d"},"content":{"rendered":"<div>\n<p><!--more--><\/p>\n<p>La Maestr\u00eda en Pedagog\u00eda y la Especializaci\u00f3n en Asesoramiento y Gesti\u00f3n Pedag\u00f3gica de la FFyH invitan a participar de la conferencia\u00a0<i><b>\u201cLa educaci\u00f3n como derecho: desaf\u00edos para las pol\u00edticas p\u00fablicas\u201d<\/b><\/i>, a cargo de Myriam Feldfeber, profesora e investigadora de la UBA, el d\u00eda mi\u00e9rcoles 22 de noviembre, de 17 a 19 hs, a desarrollarse de manera virtual por el canal de YouTube de la Facultad de Filosof\u00eda y Humanidades. Coordina: Silvia Kravetz.<\/p>\n<p>El prop\u00f3sito de este encuentro es generar un espacio de di\u00e1logo y conocimiento sobre los impactos de las pol\u00edticas para el ejercicio de la educaci\u00f3n como derecho; compartir con docentes, investigadores, estudiantes, egresantes, egresados del campo educativo e interesados, el valor profesional y social de los aportes situados en el devenir de los procesos pol\u00edticos y la producci\u00f3n de conocimiento pedag\u00f3gico.<\/p>\n<p>Actividad sin costo.<\/p>\n<hr \/>\n<p style=\"text-align: center\"><span style=\"font-family: arial, sans-serif\"><strong>Inscripciones:<\/strong><span style=\"color: #404040\">\u00a0<\/span><a href=\"https:\/\/docs.google.com\/forms\/d\/e\/1FAIpQLSczgVTI7fQMuMBRTES8uIbxnnyw3fqG0SKC9aRUvxkIOeGw9g\/viewform\" target=\"_blank\" rel=\"noopener\" data-saferedirecturl=\"https:\/\/www.google.com\/url?q=https:\/\/docs.google.com\/forms\/d\/e\/1FAIpQLSczgVTI7fQMuMBRTES8uIbxnnyw3fqG0SKC9aRUvxkIOeGw9g\/viewform&amp;source=gmail&amp;ust=1699382842787000&amp;usg=AOvVaw38clQAQAVChISnD2uvGCjZ\"><span style=\"color: #0000ff\">https:\/\/docs.google.com\/forms\/d\/e\/1FAIpQLSczgVTI7fQMuMBRTES8uIbxnnyw3fqG0SKC9aRUvxkIOeGw9g\/viewform<\/span><\/a><\/span><\/p>\n<p style=\"text-align: center\"><span style=\"font-family: arial, sans-serif\"><strong>M\u00e1s informaci\u00f3n:<\/strong><span style=\"color: #404040\">\u00a0<\/span><a href=\"mailto:mape@ffyh.unc.edu.ar\" target=\"_blank\" rel=\"noopener\"><span style=\"color: #0000ff\">mape@ffyh.unc.edu.ar<\/span><\/a><\/span><\/p>\n<p style=\"text-align: center\"><span style=\"font-family: arial, sans-serif\"><b>Canal de YouTube:<\/b>\u00a0<span style=\"color: #0000ff\"><u><a href=\"https:\/\/www.youtube.com\/comunicacionfilo\" target=\"_blank\" rel=\"noopener\" data-saferedirecturl=\"https:\/\/www.google.com\/url?q=https:\/\/www.youtube.com\/comunicacionfilo&amp;source=gmail&amp;ust=1699382842787000&amp;usg=AOvVaw0FYS1BiVIdUEq_odMH3Ihk\">https:\/\/www.youtube.com\/comunicacionfilo<\/a><\/u><\/span><\/span><\/p>\n<\/div>\n<p>&nbsp;<\/p>\n","protected":false},"excerpt":{"rendered":"","protected":false},"author":5,"featured_media":9886,"comment_status":"closed","ping_status":"open","sticky":false,"template":"","format":"standard","meta":{"_acf_changed":false,"colormag_page_container_layout":"default_layout","colormag_page_sidebar_layout":"default_layout","_jetpack_memberships_contains_paid_content":false,"footnotes":""},"categories":[1],"tags":[47],"class_list":["post-9885","post","type-post","status-publish","format-standard","has-post-thumbnail","hentry","category-novedades","tag-maestria-en-pedagogia"],"acf":[],"jetpack_featured_media_url":"https:\/\/ffyh.unc.edu.ar\/posgrado\/wp-content\/uploads\/sites\/3\/2023\/11\/conferencia-La-Educacion-como-Derecho.png","jetpack_sharing_enabled":true,"_links":{"self":[{"href":"https:\/\/ffyh.unc.edu.ar\/posgrado\/wp-json\/wp\/v2\/posts\/9885","targetHints":{"allow":["GET"]}}],"collection":[{"href":"https:\/\/ffyh.unc.edu.ar\/posgrado\/wp-json\/wp\/v2\/posts"}],"about":[{"href":"https:\/\/ffyh.unc.edu.ar\/posgrado\/wp-json\/wp\/v2\/types\/post"}],"author":[{"embeddable":true,"href":"https:\/\/ffyh.unc.edu.ar\/posgrado\/wp-json\/wp\/v2\/users\/5"}],"replies":[{"embeddable":true,"href":"https:\/\/ffyh.unc.edu.ar\/posgrado\/wp-json\/wp\/v2\/comments?post=9885"}],"version-history":[{"count":1,"href":"https:\/\/ffyh.unc.edu.ar\/posgrado\/wp-json\/wp\/v2\/posts\/9885\/revisions"}],"predecessor-version":[{"id":9887,"href":"https:\/\/ffyh.unc.edu.ar\/posgrado\/wp-json\/wp\/v2\/posts\/9885\/revisions\/9887"}],"wp:featuredmedia":[{"embeddable":true,"href":"https:\/\/ffyh.unc.edu.ar\/posgrado\/wp-json\/wp\/v2\/media\/9886"}],"wp:attachment":[{"href":"https:\/\/ffyh.unc.edu.ar\/posgrado\/wp-json\/wp\/v2\/media?parent=9885"}],"wp:term":[{"taxonomy":"category","embeddable":true,"href":"https:\/\/ffyh.unc.edu.ar\/posgrado\/wp-json\/wp\/v2\/categories?post=9885"},{"taxonomy":"post_tag","embeddable":true,"href":"https:\/\/ffyh.unc.edu.ar\/posgrado\/wp-json\/wp\/v2\/tags?post=9885"}],"curies":[{"name":"wp","href":"https:\/\/api.w.org\/{rel}","templated":true}]}}