{"id":181,"date":"2023-08-08T16:21:39","date_gmt":"2023-08-08T16:21:39","guid":{"rendered":"https:\/\/ffyh.unc.edu.ar\/prii\/?p=181"},"modified":"2023-08-08T16:23:41","modified_gmt":"2023-08-08T16:23:41","slug":"experiencia-de-intercambio-golondrina","status":"publish","type":"post","link":"https:\/\/ffyh.unc.edu.ar\/prii\/2023\/08\/08\/experiencia-de-intercambio-golondrina\/","title":{"rendered":"Experiencia de intercambio Golondrina"},"content":{"rendered":"<p><img loading=\"lazy\" decoding=\"async\" class=\"alignnone wp-image-182\" src=\"http:\/\/ffyh.unc.edu.ar\/prii\/wp-content\/uploads\/sites\/45\/2023\/08\/WhatsApp-Image-2023-08-08-at-12.04.29-300x300.jpeg\" alt=\"\" width=\"384\" height=\"384\" srcset=\"https:\/\/ffyh.unc.edu.ar\/prii\/wp-content\/uploads\/sites\/45\/2023\/08\/WhatsApp-Image-2023-08-08-at-12.04.29-300x300.jpeg 300w, https:\/\/ffyh.unc.edu.ar\/prii\/wp-content\/uploads\/sites\/45\/2023\/08\/WhatsApp-Image-2023-08-08-at-12.04.29-1024x1024.jpeg 1024w, https:\/\/ffyh.unc.edu.ar\/prii\/wp-content\/uploads\/sites\/45\/2023\/08\/WhatsApp-Image-2023-08-08-at-12.04.29-150x150.jpeg 150w, https:\/\/ffyh.unc.edu.ar\/prii\/wp-content\/uploads\/sites\/45\/2023\/08\/WhatsApp-Image-2023-08-08-at-12.04.29-768x768.jpeg 768w, https:\/\/ffyh.unc.edu.ar\/prii\/wp-content\/uploads\/sites\/45\/2023\/08\/WhatsApp-Image-2023-08-08-at-12.04.29-750x750.jpeg 750w, https:\/\/ffyh.unc.edu.ar\/prii\/wp-content\/uploads\/sites\/45\/2023\/08\/WhatsApp-Image-2023-08-08-at-12.04.29.jpeg 1440w\" sizes=\"auto, (max-width: 384px) 100vw, 384px\" \/><\/p>\n<p>\ud83d\udce3 CONVOCARTORIA ABIERTA PROGRAMA GOLONDRINA<\/p>\n<p>Convocatoria para fomentar la participaci\u00f3n de los murcianos residentes en el exterior y descendientes en programas de estudio e investigaci\u00f3n en la Universidad de Murcia.<\/p>\n<p><!--more--><\/p>\n<p>Destinatarios: Estudiantes de grado de la UNC, murcianos o descendientes residentes en Argentina. Beneficios: Billetes a\u00e9reos, seguro, exenci\u00f3n de matricula, alojamiento y manutenci\u00f3n y eventos sociales. Fecha l\u00edmite para solicitar aval rectoral: 15 de octubre de 2023 a las 10 hs. (ARG)<\/p>\n<p>\ud83d\udd17 +info: <a href=\"https:\/\/www.unc.edu.ar\/internacionales\/programa-golondrina\">https:\/\/www.unc.edu.ar\/internacionales\/programa-golondrina<\/a><\/p>\n","protected":false},"excerpt":{"rendered":"<p>\ud83d\udce3 CONVOCARTORIA ABIERTA PROGRAMA GOLONDRINA Convocatoria para fomentar la participaci\u00f3n de los murcianos residentes en el exterior y descendientes en programas de estudio e investigaci\u00f3n en la Universidad de Murcia.<\/p><p><a class=\"more-link btn\" href=\"https:\/\/ffyh.unc.edu.ar\/prii\/2023\/08\/08\/experiencia-de-intercambio-golondrina\/\">Seguir leyendo<\/a><\/p>\n","protected":false},"author":48,"featured_media":182,"comment_status":"open","ping_status":"open","sticky":false,"template":"","format":"standard","meta":{"_acf_changed":false,"footnotes":""},"categories":[10],"tags":[],"class_list":["post-181","post","type-post","status-publish","format-standard","has-post-thumbnail","hentry","category-novedades","item-wrap"],"acf":[],"jetpack_featured_media_url":"https:\/\/ffyh.unc.edu.ar\/prii\/wp-content\/uploads\/sites\/45\/2023\/08\/WhatsApp-Image-2023-08-08-at-12.04.29.jpeg","_links":{"self":[{"href":"https:\/\/ffyh.unc.edu.ar\/prii\/wp-json\/wp\/v2\/posts\/181","targetHints":{"allow":["GET"]}}],"collection":[{"href":"https:\/\/ffyh.unc.edu.ar\/prii\/wp-json\/wp\/v2\/posts"}],"about":[{"href":"https:\/\/ffyh.unc.edu.ar\/prii\/wp-json\/wp\/v2\/types\/post"}],"author":[{"embeddable":true,"href":"https:\/\/ffyh.unc.edu.ar\/prii\/wp-json\/wp\/v2\/users\/48"}],"replies":[{"embeddable":true,"href":"https:\/\/ffyh.unc.edu.ar\/prii\/wp-json\/wp\/v2\/comments?post=181"}],"version-history":[{"count":2,"href":"https:\/\/ffyh.unc.edu.ar\/prii\/wp-json\/wp\/v2\/posts\/181\/revisions"}],"predecessor-version":[{"id":184,"href":"https:\/\/ffyh.unc.edu.ar\/prii\/wp-json\/wp\/v2\/posts\/181\/revisions\/184"}],"wp:featuredmedia":[{"embeddable":true,"href":"https:\/\/ffyh.unc.edu.ar\/prii\/wp-json\/wp\/v2\/media\/182"}],"wp:attachment":[{"href":"https:\/\/ffyh.unc.edu.ar\/prii\/wp-json\/wp\/v2\/media?parent=181"}],"wp:term":[{"taxonomy":"category","embeddable":true,"href":"https:\/\/ffyh.unc.edu.ar\/prii\/wp-json\/wp\/v2\/categories?post=181"},{"taxonomy":"post_tag","embeddable":true,"href":"https:\/\/ffyh.unc.edu.ar\/prii\/wp-json\/wp\/v2\/tags?post=181"}],"curies":[{"name":"wp","href":"https:\/\/api.w.org\/{rel}","templated":true}]}}