{"id":239,"date":"2024-05-21T14:02:55","date_gmt":"2024-05-21T14:02:55","guid":{"rendered":"https:\/\/ffyh.unc.edu.ar\/prii\/?p=239"},"modified":"2024-09-05T15:34:51","modified_gmt":"2024-09-05T15:34:51","slug":"31-jornadas-de-jovenes-investigadores-augm-udelar-2024","status":"publish","type":"post","link":"https:\/\/ffyh.unc.edu.ar\/prii\/2024\/05\/21\/31-jornadas-de-jovenes-investigadores-augm-udelar-2024\/","title":{"rendered":"31\u00b0 Jornadas de J\u00f3venes Investigadores AUGM &#8211; UDELAR 2024"},"content":{"rendered":"<p><img loading=\"lazy\" decoding=\"async\" class=\"alignnone wp-image-240\" src=\"http:\/\/ffyh.unc.edu.ar\/prii\/wp-content\/uploads\/sites\/45\/2024\/05\/descarga.png\" alt=\"\" width=\"400\" height=\"283\" \/><\/p>\n<h3><\/h3>\n<h3><strong><i>Educaci\u00f3n Superior, Bienestar Colectivo y Convivencia Democr\u00e1tica<\/i><\/strong><\/h3>\n<p><span style=\"font-weight: 400\">La Universidad de la Rep\u00fablica y la Secretar\u00eda Ejecutiva de la Asociaci\u00f3n de Universidades Grupo Montevideo (AUGM) tienen el agrado de invitar a las universidades integrantes de AUGM a participar de las 31\u00b0 Jornadas de J\u00f3venes Investigadores (JJI), que se realizar\u00e1n los d\u00edas <strong>6, 7 y 8 de noviembre<\/strong> del presente a\u00f1o, de forma presencial, bajo la consigna \u201cEducaci\u00f3n Superior, Bienestar Colectivo y Convivencia Democr\u00e1tica\u201d.<\/span><\/p>\n<p><span style=\"font-weight: 400\">Siguiendo las caracter\u00edsticas del Programa JJI, la Prosecretar\u00eda de Relaciones Internacionales convoca a <strong>estudiantes de grado y de posgrado, docentes en formaci\u00f3n, y becarios de investigaci\u00f3n de la UNC<\/strong>, que cuenten con resultados parciales o totales de investigaciones relacionadas a alguno de los temas propuestos en los ejes tem\u00e1ticos, a postular a esta actividad acad\u00e9mica y exponer sus investigaciones durante las jornadas. Ver <\/span><strong><a href=\"https:\/\/lets.4.events\/31%EF%BF%BD-jornadas-de-jovenes-investigadores-augm-udelar-2024-C23100E3#participacion\">EJES TEM\u00c1TICOS<\/a><\/strong><\/p>\n<p><b>BENEFICIOS<\/b><\/p>\n<p><span style=\"font-weight: 400\">Traslado grupal en colectivo y alojamiento en Montevideo<\/span><\/p>\n<p><b>C\u00d3MO POSTULAR<\/b><\/p>\n<p><span style=\"font-weight: 400\">Leer las <\/span><b>Condiciones Generales del Programa <\/b><a href=\"https:\/\/drive.google.com\/file\/d\/1YfrRv998A53CMyjSC0_W5TXOPLOExRHp\/view?usp=sharing\"><b>AQU\u00cd<\/b><\/a><\/p>\n<p><b>Cada postulante enviar\u00e1 los documentos a la Secretar\u00eda de Relaciones Internacionales correspondiente a su Facultad. Ver contactos <\/b><a href=\"https:\/\/docs.google.com\/spreadsheets\/d\/1x6k9JzgXwFeFDina6Uc4Ti0K0P3ztx5FaPY_PhnHZw8\/edit?usp=sharing\"><b>AQUI<\/b><\/a><\/p>\n<p><span style=\"font-weight: 400\">Los documentos que se deben enviar a la Oficina de Relaciones Internacionales de su Facultad son:<\/span><\/p>\n<ol>\n<li style=\"font-weight: 400\"><span style=\"font-weight: 400\">CV del\/a autor\/a que participar\u00e1 en las jornadas (sin copia de certificados)<\/span><\/li>\n<li style=\"font-weight: 400\"><span style=\"font-weight: 400\">Resumen: Ver formatos <\/span><strong><a href=\"https:\/\/lets.4.events\/31%EF%BF%BD-jornadas-de-jovenes-investigadores-augm-udelar-2024-C23100E3#formatos\">AQUI<\/a><\/strong><span style=\"font-weight: 400\"> y utilizar la plantilla que se encuentra en la parte inferior de la p\u00e1gina<\/span><\/li>\n<li style=\"font-weight: 400\"><span style=\"font-weight: 400\">Trabajo completo. Ver formatos <\/span><strong><a href=\"https:\/\/lets.4.events\/31%EF%BF%BD-jornadas-de-jovenes-investigadores-augm-udelar-2024-C23100E3#formatos\">AQUI<\/a><\/strong><span style=\"font-weight: 400\"> y utilizar la plantilla que se encuentra en la parte inferior de la p\u00e1gina.<\/span><\/li>\n<li style=\"font-weight: 400\"><span style=\"font-weight: 400\">Cualquier otro documento que exija la facultad de origen del\/a postulante.<\/span><\/li>\n<\/ol>\n<p><span style=\"font-weight: 400\">Para la evaluaci\u00f3n se tendr\u00e1n en cuenta los siguientes <\/span><a href=\"https:\/\/drive.google.com\/file\/d\/1c0pMwX3tffCk02oiSV_vnbUKykvPZ_TV\/view?usp=sharing\"><span style=\"font-weight: 400\"><strong>CRITERIOS DE EVALUACI\u00d3N\u00a0<\/strong><\/span><\/a><\/p>\n<p><b>Fecha l\u00edmite de postulaci\u00f3n: 10 de agosto de 2024 (Resumen y Trabajo Completo)<\/b><\/p>\n<p><b>CONSULTAS<\/b><\/p>\n<p><strong><a href=\"mailto:interfilo@ffyh.unc.edu.ar\">interfilo@ffyh.unc.edu.ar<\/a><\/strong><\/p>\n<p><b>P\u00c1GINA GENERAL DE LAS JORNADAS:<\/b><\/p>\n<p><a href=\"https:\/\/lets.4.events\/31%EF%BF%BD-jornadas-de-jovenes-investigadores-augm-udelar-2024-C23100E3\"><span style=\"font-weight: 400\">https:\/\/lets.4.events\/31%EF%BF%BD-jornadas-de-jovenes-investigadores-augm-udelar-2024-C23100E3<\/span><\/a><\/p>\n<p><span style=\"color: #0000ff\"><strong><a href=\"http:\/\/ffyh.unc.edu.ar\/prii\/wp-content\/uploads\/sites\/45\/2024\/05\/Resultados-ConVocatoria-31\u00b0-Jornadas-de-JJ-II-AUGM.pdf\" target=\"_blank\" rel=\"noopener\">RESULTADOS DE LA CONVOCATORIA<\/a>\u00a0<\/strong><\/span><\/p>\n<p>&nbsp;<\/p>\n","protected":false},"excerpt":{"rendered":"<p>Educaci\u00f3n Superior, Bienestar Colectivo y Convivencia Democr\u00e1tica La Universidad de la Rep\u00fablica y la Secretar\u00eda Ejecutiva de la Asociaci\u00f3n de Universidades Grupo Montevideo (AUGM) tienen el agrado de invitar a las universidades integrantes de AUGM a participar de las 31\u00b0 Jornadas de J\u00f3venes Investigadores (JJI), que se realizar\u00e1n los d\u00edas 6, 7 y 8 de &hellip; <\/p>\n<p><a class=\"more-link btn\" href=\"https:\/\/ffyh.unc.edu.ar\/prii\/2024\/05\/21\/31-jornadas-de-jovenes-investigadores-augm-udelar-2024\/\">Seguir leyendo<\/a><\/p>\n","protected":false},"author":48,"featured_media":0,"comment_status":"open","ping_status":"open","sticky":false,"template":"","format":"standard","meta":{"_acf_changed":false,"footnotes":""},"categories":[16,3,10],"tags":[],"class_list":["post-239","post","type-post","status-publish","format-standard","hentry","category-convocatorias-abiertas","category-movilidad","category-novedades","item-wrap"],"acf":[],"jetpack_featured_media_url":"","_links":{"self":[{"href":"https:\/\/ffyh.unc.edu.ar\/prii\/wp-json\/wp\/v2\/posts\/239","targetHints":{"allow":["GET"]}}],"collection":[{"href":"https:\/\/ffyh.unc.edu.ar\/prii\/wp-json\/wp\/v2\/posts"}],"about":[{"href":"https:\/\/ffyh.unc.edu.ar\/prii\/wp-json\/wp\/v2\/types\/post"}],"author":[{"embeddable":true,"href":"https:\/\/ffyh.unc.edu.ar\/prii\/wp-json\/wp\/v2\/users\/48"}],"replies":[{"embeddable":true,"href":"https:\/\/ffyh.unc.edu.ar\/prii\/wp-json\/wp\/v2\/comments?post=239"}],"version-history":[{"count":5,"href":"https:\/\/ffyh.unc.edu.ar\/prii\/wp-json\/wp\/v2\/posts\/239\/revisions"}],"predecessor-version":[{"id":255,"href":"https:\/\/ffyh.unc.edu.ar\/prii\/wp-json\/wp\/v2\/posts\/239\/revisions\/255"}],"wp:attachment":[{"href":"https:\/\/ffyh.unc.edu.ar\/prii\/wp-json\/wp\/v2\/media?parent=239"}],"wp:term":[{"taxonomy":"category","embeddable":true,"href":"https:\/\/ffyh.unc.edu.ar\/prii\/wp-json\/wp\/v2\/categories?post=239"},{"taxonomy":"post_tag","embeddable":true,"href":"https:\/\/ffyh.unc.edu.ar\/prii\/wp-json\/wp\/v2\/tags?post=239"}],"curies":[{"name":"wp","href":"https:\/\/api.w.org\/{rel}","templated":true}]}}