{"id":636,"date":"2026-03-02T17:21:16","date_gmt":"2026-03-02T17:21:16","guid":{"rendered":"https:\/\/ffyh.unc.edu.ar\/prii\/?p=636"},"modified":"2026-03-02T17:21:16","modified_gmt":"2026-03-02T17:21:16","slug":"convocatoria-profesor-visitante-del-area-de-lengua-espanola-de-la-facultad-de-letras-de-la-ufmg","status":"publish","type":"post","link":"https:\/\/ffyh.unc.edu.ar\/prii\/2026\/03\/02\/convocatoria-profesor-visitante-del-area-de-lengua-espanola-de-la-facultad-de-letras-de-la-ufmg\/","title":{"rendered":"CONVOCATORIA \/ Profesor visitante del \u00c1rea de Lengua Espa\u00f1ola de la Facultad de Letras de la UFMG"},"content":{"rendered":"<p>La Universidade Federal de Minas Gerais (UFMG) se complace en anunciar la apertura de una convocatoria para la presentaci\u00f3n de candidaturas de dos profesores visitantes procedentes de universidades miembro de la Asociaci\u00f3n de Universidades Grupo Montevideo (AUGM), que no sean brasile\u00f1os. Las plazas corresponden al a\u00f1o 2026: una para el per\u00edodo de abril a julio y otra para el per\u00edodo de agosto a noviembre. La estancia deber\u00e1 tener una duraci\u00f3n m\u00ednima de dos meses.<\/p>\n<p>Las postulaciones deber\u00e1n enviarse <strong><span style=\"color: #ff0000\">hasta el 13 de marzo de 2026<\/span>.<\/p>\n<p><span style=\"color: #ff0000\">+<\/span><\/strong> <a href=\"http:\/\/ffyh.unc.edu.ar\/prii\/wp-content\/uploads\/sites\/45\/2026\/03\/Convocatoria-para-profesor-visitante-del-Area-de-Lengua-Espanola.pdf\">Informaci\u00f3n sobre la convocatoria, responsabilidades y beneficios<\/a><\/p>\n","protected":false},"excerpt":{"rendered":"<p>La Universidade Federal de Minas Gerais (UFMG) se complace en anunciar la apertura de una convocatoria para la presentaci\u00f3n de candidaturas de dos profesores visitantes procedentes de universidades miembro de la Asociaci\u00f3n de Universidades Grupo Montevideo (AUGM), que no sean brasile\u00f1os. Las plazas corresponden al a\u00f1o 2026: una para el per\u00edodo de abril a julio &hellip; <\/p>\n<p><a class=\"more-link btn\" href=\"https:\/\/ffyh.unc.edu.ar\/prii\/2026\/03\/02\/convocatoria-profesor-visitante-del-area-de-lengua-espanola-de-la-facultad-de-letras-de-la-ufmg\/\">Seguir leyendo<\/a><\/p>\n","protected":false},"author":48,"featured_media":0,"comment_status":"open","ping_status":"open","sticky":false,"template":"","format":"standard","meta":{"_acf_changed":false,"footnotes":""},"categories":[5,3],"tags":[],"class_list":["post-636","post","type-post","status-publish","format-standard","hentry","category-movilidad-docente","category-movilidad","item-wrap"],"acf":[],"jetpack_featured_media_url":"","_links":{"self":[{"href":"https:\/\/ffyh.unc.edu.ar\/prii\/wp-json\/wp\/v2\/posts\/636","targetHints":{"allow":["GET"]}}],"collection":[{"href":"https:\/\/ffyh.unc.edu.ar\/prii\/wp-json\/wp\/v2\/posts"}],"about":[{"href":"https:\/\/ffyh.unc.edu.ar\/prii\/wp-json\/wp\/v2\/types\/post"}],"author":[{"embeddable":true,"href":"https:\/\/ffyh.unc.edu.ar\/prii\/wp-json\/wp\/v2\/users\/48"}],"replies":[{"embeddable":true,"href":"https:\/\/ffyh.unc.edu.ar\/prii\/wp-json\/wp\/v2\/comments?post=636"}],"version-history":[{"count":1,"href":"https:\/\/ffyh.unc.edu.ar\/prii\/wp-json\/wp\/v2\/posts\/636\/revisions"}],"predecessor-version":[{"id":638,"href":"https:\/\/ffyh.unc.edu.ar\/prii\/wp-json\/wp\/v2\/posts\/636\/revisions\/638"}],"wp:attachment":[{"href":"https:\/\/ffyh.unc.edu.ar\/prii\/wp-json\/wp\/v2\/media?parent=636"}],"wp:term":[{"taxonomy":"category","embeddable":true,"href":"https:\/\/ffyh.unc.edu.ar\/prii\/wp-json\/wp\/v2\/categories?post=636"},{"taxonomy":"post_tag","embeddable":true,"href":"https:\/\/ffyh.unc.edu.ar\/prii\/wp-json\/wp\/v2\/tags?post=636"}],"curies":[{"name":"wp","href":"https:\/\/api.w.org\/{rel}","templated":true}]}}