{"id":3808,"date":"2023-11-14T15:07:20","date_gmt":"2023-11-14T18:07:20","guid":{"rendered":"https:\/\/ffyh.unc.edu.ar\/publicaciones\/?p=3808"},"modified":"2023-11-14T15:09:45","modified_gmt":"2023-11-14T18:09:45","slug":"que-pasado-para-nuestro-presente","status":"publish","type":"post","link":"https:\/\/ffyh.unc.edu.ar\/publicaciones\/2023\/11\/14\/que-pasado-para-nuestro-presente\/","title":{"rendered":"Novedad editorial: \u00bfQu\u00e9 pasado para nuestro presente? Debates p\u00fablicos sobre memorias, negacionismo y apologismo"},"content":{"rendered":"<p><em>Este e-book, compilado por Victoria Chabrando y Leandro Inchauspe, tiene como principal objetivo compartir miradas, intercambiar lecturas y ensayar posibles estrategias para dar respuestas a discursos y pr\u00e1cticas negacionistas y apologistas del terror de Estado.<\/em><\/p>\n<p><!--more--><\/p>\n<p>Los art\u00edculos, comunicados y notas period\u00edsticas que aqu\u00ed se recuperan intentan ser respuestas al calor y la velocidad de ciertas coyunturas que muchas veces la producci\u00f3n acad\u00e9mica no puede seguir, dadas ciertas condiciones que la constituyen.<\/p>\n<p>En esta ocasi\u00f3n, fueron invitados docentes, investigadores e integrantes de equipos de investigaci\u00f3n de esta Casa, con trayectoria en trabajos de memorias, historia reciente, docencia en nivel medio; as\u00ed como a funcionarios judiciales y activistas de Derechos Humanos, para construir una publicaci\u00f3n que favorece la circulaci\u00f3n de debates acerca de los nudos cr\u00edticos que estamos atravesando como sociedad, en luchas claves para la construcci\u00f3n de nuestra democracia.<\/p>\n<p>\u201c\u00bfQu\u00e9 pasado para nuestro presente? Debates p\u00fablicos sobre memorias, negacionismo y apologismo\u201d pretende formularse en estilos m\u00e1s \u00e1giles para su lectura, rompiendo los l\u00edmites de textos m\u00e1s bien cr\u00edpticos que las mismas condiciones de producci\u00f3n del conocimiento acad\u00e9mico, impulsan.<\/p>\n<p>Por ello, vale realizar un especial reconocimiento a Alicia Servetto, Carolina Favaccio, Ana Carol Solis, Paula Hunziker, Sebasti\u00e1n Torres, Agust\u00edn Minatti, Ana Levstein, Emiliano Fessia, Mar\u00eda Soledad Boero, Flavia Dezzutto, Olga Silvia Avila, Adriana Britos, Victoria Chabrando y Leandro Inchauspe que aceptaron salir de sus lugares habituales de escritura. As\u00ed mismo, valoramos profundamente las intervenciones de Carlos Gonella y Facundo Trotta, fiscales en juicios por delitos de lesa humanidad y a la agrupaci\u00f3n H.I..J.O.S C\u00f3rdoba, a Familiares de Detenidos y Desaparecidos por Razones Pol\u00edticas de C\u00f3rdoba y a la Mesa de Trabajo por los Derechos Humanos de C\u00f3rdoba que aceptaron la invitaci\u00f3n a compartir la palabra.<\/p>\n<p>Cierra este volumen la entrevista colectiva realizada, junto a Emiliano Fessia, a Adriana Britos, integrante del colectivo \u201cHistorias Desobedientes\u201d que re\u00fane a hijos e hijas de represores que han logrado romper con sus entornos familiares marcados por la violencia pol\u00edtica estatal.<\/p>\n<p>Por \u00faltimo, el e-book incorpora enlaces a comunicados institucionales, comenzando por el de nuestra Facultad, una declaraci\u00f3n de la Legislatura provincial, y diversas publicaciones sobre la tem\u00e1tica, que muestran una parte de los amplios repudios que estos actos negacionistas y apologistas han generado.<\/p>\n<p>Les invitamos a descargar este e-book de manera gratuita.<\/p>\n<blockquote><p><a href=\"http:\/\/ffyh.unc.edu.ar\/publicaciones\/wp-content\/uploads\/sites\/35\/2023\/11\/QuePasadoParaNuestroPresente.pdf\" target=\"_blank\" rel=\"noopener\">Descargar<\/a><\/p><\/blockquote>\n","protected":false},"excerpt":{"rendered":"<p>Este e-book, compilado por Victoria Chabrando y Leandro Inchauspe, tiene como principal objetivo compartir miradas, intercambiar lecturas y ensayar posibles<\/p>\n","protected":false},"author":41,"featured_media":3801,"comment_status":"closed","ping_status":"closed","sticky":false,"template":"","format":"standard","meta":{"_acf_changed":false,"colormag_page_container_layout":"default_layout","colormag_page_sidebar_layout":"default_layout","footnotes":""},"categories":[1793],"tags":[2200,2201],"class_list":["post-3808","post","type-post","status-publish","format-standard","has-post-thumbnail","hentry","category-novedades-editoriales","tag-derechos-humanos","tag-negacionismo"],"acf":[],"jetpack_featured_media_url":"https:\/\/ffyh.unc.edu.ar\/publicaciones\/wp-content\/uploads\/sites\/35\/2023\/11\/novedadeditorial-negacionismo.jpg","_links":{"self":[{"href":"https:\/\/ffyh.unc.edu.ar\/publicaciones\/wp-json\/wp\/v2\/posts\/3808","targetHints":{"allow":["GET"]}}],"collection":[{"href":"https:\/\/ffyh.unc.edu.ar\/publicaciones\/wp-json\/wp\/v2\/posts"}],"about":[{"href":"https:\/\/ffyh.unc.edu.ar\/publicaciones\/wp-json\/wp\/v2\/types\/post"}],"author":[{"embeddable":true,"href":"https:\/\/ffyh.unc.edu.ar\/publicaciones\/wp-json\/wp\/v2\/users\/41"}],"replies":[{"embeddable":true,"href":"https:\/\/ffyh.unc.edu.ar\/publicaciones\/wp-json\/wp\/v2\/comments?post=3808"}],"version-history":[{"count":1,"href":"https:\/\/ffyh.unc.edu.ar\/publicaciones\/wp-json\/wp\/v2\/posts\/3808\/revisions"}],"predecessor-version":[{"id":3809,"href":"https:\/\/ffyh.unc.edu.ar\/publicaciones\/wp-json\/wp\/v2\/posts\/3808\/revisions\/3809"}],"wp:featuredmedia":[{"embeddable":true,"href":"https:\/\/ffyh.unc.edu.ar\/publicaciones\/wp-json\/wp\/v2\/media\/3801"}],"wp:attachment":[{"href":"https:\/\/ffyh.unc.edu.ar\/publicaciones\/wp-json\/wp\/v2\/media?parent=3808"}],"wp:term":[{"taxonomy":"category","embeddable":true,"href":"https:\/\/ffyh.unc.edu.ar\/publicaciones\/wp-json\/wp\/v2\/categories?post=3808"},{"taxonomy":"post_tag","embeddable":true,"href":"https:\/\/ffyh.unc.edu.ar\/publicaciones\/wp-json\/wp\/v2\/tags?post=3808"}],"curies":[{"name":"wp","href":"https:\/\/api.w.org\/{rel}","templated":true}]}}