{"id":4631,"date":"2025-02-19T11:09:40","date_gmt":"2025-02-19T14:09:40","guid":{"rendered":"https:\/\/ffyh.unc.edu.ar\/publicaciones\/?p=4631"},"modified":"2025-02-19T11:10:36","modified_gmt":"2025-02-19T14:10:36","slug":"convocatoria-de-la-revista-ee","status":"publish","type":"post","link":"https:\/\/ffyh.unc.edu.ar\/publicaciones\/2025\/02\/19\/convocatoria-de-la-revista-ee\/","title":{"rendered":"Convocatoria de la revista E+E"},"content":{"rendered":"<p>\u00abDisputar libertades, garantizar derechos: tareas de la extensi\u00f3n universitaria\u00bb es el t\u00edtulo que lleva la convocatoria que se encontrar\u00e1 abierta desde el 17 de febrero al 17 de marzo.<!--more--><\/p>\n<p style=\"text-align: left\">La Secretar\u00eda de Extensi\u00f3n de la Facultad de Filosof\u00eda y Humanidades de la UNC informa que a partir de la fecha mencionada se encontrar\u00e1 abierta la convocatoria para publicar en el volumen 12, n\u00famero 19 de la revista E+E: estudios de extensi\u00f3n en humanidades. Este nuevo n\u00famero se publicar\u00e1 en junio de 2025 y llevar\u00e1 por t\u00edtulo \u00abDisputar libertades, garantizar derechos: tareas de la extensi\u00f3n universitaria\u00bb. La tem\u00e1tica de este dossier comprender\u00e1 tambi\u00e9n al N\u00b0 20 del Volumen 12 de la revista que se publicar\u00e1 en diciembre del mismo a\u00f1o.<\/p>\n<hr \/>\n<p><b>Convocatoria al N\u00b0 19 (junio 2025):<\/b>\u00a0del 17 de febrero al 17 de marzo de 2025<\/p>\n<hr \/>\n<p><b>Convocatoria N\u00b0 20 (diciembre 2025)<\/b>: del 28 de julio al 25 de agosto de 2025<\/p>\n<hr \/>\n<p><strong><a href=\"https:\/\/revistas.unc.edu.ar\/index.php\/EEH\/about\/submissions\" target=\"_blank\" rel=\"noopener\">Directrices para autorxs<\/a><\/strong><\/p>\n<p><a href=\"https:\/\/drive.google.com\/file\/d\/1E3YwDEA5qcOgVe-jbbDsWcfYE9di4Pvk\/view?usp=sharing\"><strong>Descargar Convocatoria al N\u00b0 19 en PDF<\/strong><\/a><\/p>\n<p><a href=\"https:\/\/docs.google.com\/document\/d\/1L6cHU2CiNLC5Ic2wKUoBBRqTzIFwbcYF\/edit?usp=sharing&amp;ouid=101249240997814209911&amp;rtpof=true&amp;sd=true\"><strong>Descargar la plantilla para la postulaci\u00f3n de trabajos<\/strong><\/a><\/p>\n<p><strong>Env\u00edo de art\u00edculos:\u00a0<\/strong><a href=\"mailto:revistaemase@gmail.com\">revistaemase@gmail.com<\/a><\/p>\n<p>Acced\u00e9 a la informaci\u00f3n completa desde el\u00a0<a href=\"https:\/\/revistas.unc.edu.ar\/index.php\/EEH\/\">repositorio de revistas cient\u00edficas de la UNC<\/a><\/p>\n","protected":false},"excerpt":{"rendered":"<p>\u00abDisputar libertades, garantizar derechos: tareas de la extensi\u00f3n universitaria\u00bb es el t\u00edtulo que lleva la convocatoria que se encontrar\u00e1 abierta<\/p>\n","protected":false},"author":44,"featured_media":4635,"comment_status":"closed","ping_status":"closed","sticky":false,"template":"","format":"standard","meta":{"_acf_changed":false,"colormag_page_container_layout":"default_layout","colormag_page_sidebar_layout":"default_layout","footnotes":""},"categories":[44,42,1792],"tags":[],"class_list":["post-4631","post","type-post","status-publish","format-standard","has-post-thumbnail","hentry","category-convocatoria","category-noticias","category-novedades-revistas"],"acf":[],"jetpack_featured_media_url":"https:\/\/ffyh.unc.edu.ar\/publicaciones\/wp-content\/uploads\/sites\/35\/2025\/02\/convocatoria-02.jpg","_links":{"self":[{"href":"https:\/\/ffyh.unc.edu.ar\/publicaciones\/wp-json\/wp\/v2\/posts\/4631","targetHints":{"allow":["GET"]}}],"collection":[{"href":"https:\/\/ffyh.unc.edu.ar\/publicaciones\/wp-json\/wp\/v2\/posts"}],"about":[{"href":"https:\/\/ffyh.unc.edu.ar\/publicaciones\/wp-json\/wp\/v2\/types\/post"}],"author":[{"embeddable":true,"href":"https:\/\/ffyh.unc.edu.ar\/publicaciones\/wp-json\/wp\/v2\/users\/44"}],"replies":[{"embeddable":true,"href":"https:\/\/ffyh.unc.edu.ar\/publicaciones\/wp-json\/wp\/v2\/comments?post=4631"}],"version-history":[{"count":1,"href":"https:\/\/ffyh.unc.edu.ar\/publicaciones\/wp-json\/wp\/v2\/posts\/4631\/revisions"}],"predecessor-version":[{"id":4634,"href":"https:\/\/ffyh.unc.edu.ar\/publicaciones\/wp-json\/wp\/v2\/posts\/4631\/revisions\/4634"}],"wp:featuredmedia":[{"embeddable":true,"href":"https:\/\/ffyh.unc.edu.ar\/publicaciones\/wp-json\/wp\/v2\/media\/4635"}],"wp:attachment":[{"href":"https:\/\/ffyh.unc.edu.ar\/publicaciones\/wp-json\/wp\/v2\/media?parent=4631"}],"wp:term":[{"taxonomy":"category","embeddable":true,"href":"https:\/\/ffyh.unc.edu.ar\/publicaciones\/wp-json\/wp\/v2\/categories?post=4631"},{"taxonomy":"post_tag","embeddable":true,"href":"https:\/\/ffyh.unc.edu.ar\/publicaciones\/wp-json\/wp\/v2\/tags?post=4631"}],"curies":[{"name":"wp","href":"https:\/\/api.w.org\/{rel}","templated":true}]}}