{"id":1098,"date":"2022-10-04T00:11:01","date_gmt":"2022-10-04T00:11:01","guid":{"rendered":"https:\/\/ffyh.unc.edu.ar\/sae\/?p=1098"},"modified":"2022-10-04T00:11:01","modified_gmt":"2022-10-04T00:11:01","slug":"cuantxs-somos-lxs-que-estamos-y-lxs-que-estamos-como-estamos","status":"publish","type":"post","link":"https:\/\/ffyh.unc.edu.ar\/sae\/2022\/10\/04\/cuantxs-somos-lxs-que-estamos-y-lxs-que-estamos-como-estamos\/","title":{"rendered":"\u00bfCu\u00e1ntxs somos lxs que estamos? Y lxs que estamos, \u00bfc\u00f3mo estamos?"},"content":{"rendered":"<p><strong>El \u00c1rea Trans, Travesti y No binarie, con el acompa\u00f1amiento del \u00c1rea de Formaci\u00f3n en G\u00e9nero y Sexualidades y la Secretar\u00eda de Asuntos Estudiantiles de la FFyH lanzaron un relevamiento de la poblaci\u00f3n Travesti, Trans y No Binarie de la Facultad.<\/strong><\/p>\n<p>&nbsp;<\/p>\n<p>El prop\u00f3sito es incentivar la participaci\u00f3n y la visibilizaci\u00f3n de la comunidad trans travesti y no binarie de la FFyH, poder conocer cu\u00e1ntxs cuerpxs transitan la Facultad y la situaci\u00f3n de lxs miembrxs de la comunidad, las problem\u00e1ticas que puedan tener y las distintas experiencias en el trayecto por la Universidad.<\/p>\n<p>En ese sentido, los datos personales son confidenciales y eso significa que no van a ser difundidos ni publicados por ninguna v\u00eda. Solamente se necesitan para poder conocer cabalmente cada situaci\u00f3n y seguir trabajando para que la comunidad trans travesti y no binarie de la Facultad sea parte de una ciudadan\u00eda universitaria plena, con todos sus derechos adquiridos.<\/p>\n<p>Pod\u00e9s completar tus datos hasta el lunes 31 de octubre en:\u00a0<a href=\"https:\/\/bit.ly\/cuantxs-somos\" target=\"_blank\" rel=\"noopener\">https:\/\/bit.ly\/cuantxs-somos<\/a><\/p>\n<p>Adem\u00e1s, pod\u00e9s encontrar el formulario en las p\u00e1ginas web\u00a0\u00a0<a href=\"https:\/\/ffyh.unc.edu.ar\/genero\" target=\"_blank\" rel=\"noopener\">https:\/\/ffyh.unc.edu.ar\/genero<\/a>\u00a0y \u00a0<a href=\"https:\/\/ffyh.unc.edu.ar\/sae\/\" target=\"_blank\" rel=\"noopener\">https:\/\/ffyh.unc.edu.ar\/sae\/<\/a><\/p>\n<div class=\"addtoany_share_save_container addtoany_content addtoany_content_bottom\">\n<div class=\"a2a_kit a2a_kit_size_32 addtoany_list\" data-a2a-url=\"https:\/\/ffyh.unc.edu.ar\/noticias\/10\/2022\/cuantxs-somos-lxs-que-estamos-y-lxs-que-estamos-como-estamos\/\" data-a2a-title=\"\u00bfCu\u00e1ntxs somos lxs que estamos? Y lxs que estamos, \u00bfc\u00f3mo estamos?\"><a class=\"a2a_button_facebook\" title=\"Facebook\" href=\"https:\/\/ffyh.unc.edu.ar\/#facebook\" target=\"_blank\" rel=\"nofollow noopener\"><span class=\"a2a_label\">Facebook<\/span><\/a><a class=\"a2a_button_twitter\" title=\"Twitter\" href=\"https:\/\/ffyh.unc.edu.ar\/#twitter\" target=\"_blank\" rel=\"nofollow noopener\"><span class=\"a2a_label\">Twitter<\/span><\/a><a class=\"a2a_button_whatsapp\" title=\"WhatsApp\" href=\"https:\/\/ffyh.unc.edu.ar\/#whatsapp\" target=\"_blank\" rel=\"nofollow noopener\"><span class=\"a2a_label\">WhatsApp<\/span><\/a><\/div>\n<div data-a2a-url=\"https:\/\/ffyh.unc.edu.ar\/noticias\/10\/2022\/cuantxs-somos-lxs-que-estamos-y-lxs-que-estamos-como-estamos\/\" data-a2a-title=\"\u00bfCu\u00e1ntxs somos lxs que estamos? Y lxs que estamos, \u00bfc\u00f3mo estamos?\"><a href=\"https:\/\/ffyh.unc.edu.ar\/sae\/2022\/10\/04\/cuantxs-somos-lxs-que-estamos-y-lxs-que-estamos-como-estamos\/309498922_436832465100475_1643951001856277980_n\/\" rel=\"attachment wp-att-1100\"><img loading=\"lazy\" decoding=\"async\" class=\"alignnone size-medium wp-image-1100\" src=\"http:\/\/ffyh.unc.edu.ar\/sae\/wp-content\/uploads\/sites\/30\/2022\/10\/309498922_436832465100475_1643951001856277980_n-300x289.jpg\" alt=\"\" width=\"300\" height=\"289\" srcset=\"https:\/\/ffyh.unc.edu.ar\/sae\/wp-content\/uploads\/sites\/30\/2022\/10\/309498922_436832465100475_1643951001856277980_n-300x289.jpg 300w, https:\/\/ffyh.unc.edu.ar\/sae\/wp-content\/uploads\/sites\/30\/2022\/10\/309498922_436832465100475_1643951001856277980_n.jpg 667w\" sizes=\"auto, (max-width: 300px) 100vw, 300px\" \/><\/a><\/div>\n<\/div>\n","protected":false},"excerpt":{"rendered":"<p>El \u00c1rea Trans, Travesti y No binarie, con el acompa\u00f1amiento del \u00c1rea de Formaci\u00f3n en G\u00e9nero y Sexualidades y la<\/p>\n","protected":false},"author":27,"featured_media":1101,"comment_status":"open","ping_status":"open","sticky":false,"template":"","format":"standard","meta":{"_acf_changed":false,"colormag_page_container_layout":"default_layout","colormag_page_sidebar_layout":"default_layout","_monsterinsights_skip_tracking":false,"_monsterinsights_sitenote_active":false,"_monsterinsights_sitenote_note":"","_monsterinsights_sitenote_category":0,"footnotes":""},"categories":[1],"tags":[],"class_list":["post-1098","post","type-post","status-publish","format-standard","has-post-thumbnail","hentry","category-sin-categoria"],"acf":[],"jetpack_featured_media_url":"https:\/\/ffyh.unc.edu.ar\/sae\/wp-content\/uploads\/sites\/30\/2022\/10\/web-.jpg","_links":{"self":[{"href":"https:\/\/ffyh.unc.edu.ar\/sae\/wp-json\/wp\/v2\/posts\/1098","targetHints":{"allow":["GET"]}}],"collection":[{"href":"https:\/\/ffyh.unc.edu.ar\/sae\/wp-json\/wp\/v2\/posts"}],"about":[{"href":"https:\/\/ffyh.unc.edu.ar\/sae\/wp-json\/wp\/v2\/types\/post"}],"author":[{"embeddable":true,"href":"https:\/\/ffyh.unc.edu.ar\/sae\/wp-json\/wp\/v2\/users\/27"}],"replies":[{"embeddable":true,"href":"https:\/\/ffyh.unc.edu.ar\/sae\/wp-json\/wp\/v2\/comments?post=1098"}],"version-history":[{"count":2,"href":"https:\/\/ffyh.unc.edu.ar\/sae\/wp-json\/wp\/v2\/posts\/1098\/revisions"}],"predecessor-version":[{"id":1103,"href":"https:\/\/ffyh.unc.edu.ar\/sae\/wp-json\/wp\/v2\/posts\/1098\/revisions\/1103"}],"wp:featuredmedia":[{"embeddable":true,"href":"https:\/\/ffyh.unc.edu.ar\/sae\/wp-json\/wp\/v2\/media\/1101"}],"wp:attachment":[{"href":"https:\/\/ffyh.unc.edu.ar\/sae\/wp-json\/wp\/v2\/media?parent=1098"}],"wp:term":[{"taxonomy":"category","embeddable":true,"href":"https:\/\/ffyh.unc.edu.ar\/sae\/wp-json\/wp\/v2\/categories?post=1098"},{"taxonomy":"post_tag","embeddable":true,"href":"https:\/\/ffyh.unc.edu.ar\/sae\/wp-json\/wp\/v2\/tags?post=1098"}],"curies":[{"name":"wp","href":"https:\/\/api.w.org\/{rel}","templated":true}]}}