{"id":1533,"date":"2023-07-24T21:03:09","date_gmt":"2023-07-24T21:03:09","guid":{"rendered":"https:\/\/ffyh.unc.edu.ar\/sae\/?p=1533"},"modified":"2023-07-24T21:10:23","modified_gmt":"2023-07-24T21:10:23","slug":"solicitud-de-baja-de-regularidades-desde-el-17-de-julio-al-9-de-agosto","status":"publish","type":"post","link":"https:\/\/ffyh.unc.edu.ar\/sae\/2023\/07\/24\/solicitud-de-baja-de-regularidades-desde-el-17-de-julio-al-9-de-agosto\/","title":{"rendered":"Solicitud de baja de regularidades &#8211; desde el 17 de julio al 9 de agosto"},"content":{"rendered":"<p><span lang=\"ES\">Tal como est\u00e1 fijado por Calendario Acad\u00e9mico (Resoluci\u00f3n HCD 588\/2022), les estudiantes deben inscribirse a cursar materias, seminarios y talleres del segundo cuatrimestre,\u00a0<\/span><span lang=\"ES\"><b>desde el 17 de julio al 9 de agosto del corriente<\/b><\/span><span lang=\"ES\">.\u00a0<\/span><em><span lang=\"ES\">Durante este periodo, estar\u00e1 habilitado un\u00a0<b>formulario web<\/b> para que completen quienes desean renunciar a las regularidades vigentes de las materias que van a recursar.<\/span><\/em><\/p>\n<p><a href=\"https:\/\/forms.gle\/tXrxuNpiHTgdr9x59\"><i>LINK AL FORMULARIO<\/i><\/a><\/p>\n<p><em><span lang=\"ES\">Una vez que el Despacho de Alumnxs procese los pedidos y rectifique sus condiciones, lxs inscribiran a las materias solicitadas para el cursado del 2\u00bacuatrimestre 2023.<\/span><\/em><\/p>\n<p><em><span lang=\"ES\">Informaci\u00f3n a tener en cuenta:<\/span><\/em><\/p>\n<p><em><span lang=\"ES\">-Deber\u00e1s completar\u00a0<b>un<\/b> formulario por cada materia que solicites dar de baja.<\/span><\/em><\/p>\n<p><em><span lang=\"ES\">-No es necesaria la autorizaci\u00f3n de lxs docentes para rectificar la condici\u00f3n.<\/span><\/em><\/p>\n<p><em><span lang=\"ES\">&#8211;<b>Las renuncias se pueden realizar hasta el\u00a0 9 de agosto<\/b>\u00a0inclusive, a los fines de dar las altas en las aulas virtuales.<\/span><\/em><\/p>\n<p><em><span lang=\"ES\">&#8211;<\/span>Se<span lang=\"ES\"> encuentra en vigencia el r\u00e9gimen de correlatividades. Esto implica que el sistema dar\u00e1 de baja la inscripci\u00f3n a espacios curriculares correlativos a la materia sobre la cual realizas la presente solicitud hasta tanto no obtengas la promoci\u00f3n o regularidad de la misma (de la materia sobre la que se solicita la baja).<\/span><\/em><\/p>\n<p><em><span lang=\"ES\">-Una vez solicitada una baja de regularidad,\u00a0<strong>no es posible revertir el proceso<\/strong>.\u00a0<\/span><\/em><\/p>\n<p><em><span lang=\"ES\">Ante cualquier duda o consulta, comunicarse con\u00a0<\/span><\/em><em><span lang=\"ES\">Despacho de Alumnxs-FFyH enviando un mail a despachocasaverde@ffyh.unc.edu.ar , indicando:<\/span><\/em><\/p>\n<ul>\n<li>Nombre completo<\/li>\n<li>DNI<\/li>\n<li>Carrera<\/li>\n<li>Descripci\u00f3n del inconveniente y materia que se quiere dar de baja<\/li>\n<\/ul>\n<p>&nbsp;<\/p>\n","protected":false},"excerpt":{"rendered":"<p>Tal como est\u00e1 fijado por Calendario Acad\u00e9mico (Resoluci\u00f3n HCD 588\/2022), les estudiantes deben inscribirse a cursar materias, seminarios y talleres<\/p>\n","protected":false},"author":27,"featured_media":1534,"comment_status":"open","ping_status":"open","sticky":false,"template":"","format":"standard","meta":{"_acf_changed":false,"colormag_page_container_layout":"default_layout","colormag_page_sidebar_layout":"default_layout","_monsterinsights_skip_tracking":false,"_monsterinsights_sitenote_active":false,"_monsterinsights_sitenote_note":"","_monsterinsights_sitenote_category":0,"footnotes":""},"categories":[1],"tags":[],"class_list":["post-1533","post","type-post","status-publish","format-standard","has-post-thumbnail","hentry","category-sin-categoria"],"acf":[],"jetpack_featured_media_url":"https:\/\/ffyh.unc.edu.ar\/sae\/wp-content\/uploads\/sites\/30\/2023\/07\/solicitud-renuncia-de-regularidades-para-web.jpg","_links":{"self":[{"href":"https:\/\/ffyh.unc.edu.ar\/sae\/wp-json\/wp\/v2\/posts\/1533","targetHints":{"allow":["GET"]}}],"collection":[{"href":"https:\/\/ffyh.unc.edu.ar\/sae\/wp-json\/wp\/v2\/posts"}],"about":[{"href":"https:\/\/ffyh.unc.edu.ar\/sae\/wp-json\/wp\/v2\/types\/post"}],"author":[{"embeddable":true,"href":"https:\/\/ffyh.unc.edu.ar\/sae\/wp-json\/wp\/v2\/users\/27"}],"replies":[{"embeddable":true,"href":"https:\/\/ffyh.unc.edu.ar\/sae\/wp-json\/wp\/v2\/comments?post=1533"}],"version-history":[{"count":3,"href":"https:\/\/ffyh.unc.edu.ar\/sae\/wp-json\/wp\/v2\/posts\/1533\/revisions"}],"predecessor-version":[{"id":1537,"href":"https:\/\/ffyh.unc.edu.ar\/sae\/wp-json\/wp\/v2\/posts\/1533\/revisions\/1537"}],"wp:featuredmedia":[{"embeddable":true,"href":"https:\/\/ffyh.unc.edu.ar\/sae\/wp-json\/wp\/v2\/media\/1534"}],"wp:attachment":[{"href":"https:\/\/ffyh.unc.edu.ar\/sae\/wp-json\/wp\/v2\/media?parent=1533"}],"wp:term":[{"taxonomy":"category","embeddable":true,"href":"https:\/\/ffyh.unc.edu.ar\/sae\/wp-json\/wp\/v2\/categories?post=1533"},{"taxonomy":"post_tag","embeddable":true,"href":"https:\/\/ffyh.unc.edu.ar\/sae\/wp-json\/wp\/v2\/tags?post=1533"}],"curies":[{"name":"wp","href":"https:\/\/api.w.org\/{rel}","templated":true}]}}