{"id":1190,"date":"2014-04-23T11:20:41","date_gmt":"2014-04-23T14:20:41","guid":{"rendered":"http:\/\/secyt.ffyh.unc.edu.ar\/?p=1190"},"modified":"2014-04-23T11:20:41","modified_gmt":"2014-04-23T14:20:41","slug":"becas-de-estimulo-a-las-vocaciones-cientificas-2014","status":"publish","type":"post","link":"https:\/\/ffyh.unc.edu.ar\/secyt\/uncategorized\/becas-de-estimulo-a-las-vocaciones-cientificas-2014\/","title":{"rendered":"Becas de Est\u00edmulo a las Vocaciones Cient\u00edficas 2014"},"content":{"rendered":"<p>&nbsp;<\/p>\n<p>Fecha de Apertura: 14 de abril de 2014<\/p>\n<div>Fecha de Cierre: 14 de mayo de 2014<!--more--><\/div>\n<p><a href=\"http:\/\/ffyh.unc.edu.ar\/secyt\/wp-content\/uploads\/sites\/22\/2014\/04\/afiche-becas.jpg\"><img loading=\"lazy\" decoding=\"async\" class=\"alignnone  wp-image-1191\" alt=\"afiche-becas\" src=\"http:\/\/ffyh.unc.edu.ar\/secyt\/wp-content\/uploads\/sites\/22\/2014\/04\/afiche-becas.jpg\" width=\"496\" height=\"354\" srcset=\"https:\/\/ffyh.unc.edu.ar\/secyt\/wp-content\/uploads\/sites\/22\/2014\/04\/afiche-becas.jpg 620w, https:\/\/ffyh.unc.edu.ar\/secyt\/wp-content\/uploads\/sites\/22\/2014\/04\/afiche-becas-300x214.jpg 300w\" sizes=\"auto, (max-width: 496px) 100vw, 496px\" \/><\/a><\/p>\n<p>&nbsp;<\/p>\n<div>\n<div><strong>PRESENTACI\u00d3N<\/strong><\/div>\n<div><\/div>\n<div><b>Forma de presentaci\u00f3n:<\/b>\u00a0Una (1) carpeta pl\u00e1stica con tapa transparente que contenga:<\/div>\n<div><b>a.<\/b>\u00a0Formulario debidamente cumplimentado y adjuntando documentaci\u00f3n probatoria. (<a href=\"https:\/\/drive.google.com\/file\/d\/0BxTOBr5RPIozWHQxTFU3Q1BQS1U\/edit?usp=sharing\" target=\"_blank\">ver archivo<\/a>).<\/div>\n<div><b>b.<\/b>\u00a0Curriculum vitae de director y codirector (de acuerdo con el siguiente modelo &#8211;<a href=\"https:\/\/drive.google.com\/file\/d\/0BxTOBr5RPIozaEpyTmp6MzZIMms\/edit?usp=sharing\" target=\"_blank\">VER<\/a>&#8211; o PDF exportado de SIGEVA o CVar)<\/div>\n<div><b>c.\u00a0<\/b>Carta aval del director, solamente en el caso de que el postulante posea una Beca EVC 2013. (<a href=\"https:\/\/drive.google.com\/file\/d\/0BxTOBr5RPIozV0EtLWRaamNwVXM\/edit?usp=sharing\" target=\"_blank\">ver archivo<\/a>).<\/div>\n<div><b><\/b><\/div>\n<div><strong>Reglamento Beca Est\u00edmulo a las Vocaciones Cient\u00edficas<\/strong>: <a href=\"https:\/\/drive.google.com\/file\/d\/0BxTOBr5RPIozXzRzd0RoV0RxZzA\/edit?usp=sharing\" target=\"_blank\">VER<\/a><\/div>\n<div><\/div>\n<div><b>Lugar de presentaci\u00f3n:<\/b>\u00a0Secretar\u00eda de Investigaci\u00f3n, Ciencia y Tecnolog\u00eda de la Facultad de Filosof\u00eda y Humanidades. (Lunes a viernes de 10 a 15hs.)<\/div>\n<\/div>\n","protected":false},"excerpt":{"rendered":"<p>&nbsp; Fecha de Apertura: 14 de abril de 2014 Fecha de Cierre: 14 de mayo de 2014<\/p>\n","protected":false},"author":1,"featured_media":0,"comment_status":"closed","ping_status":"closed","sticky":false,"template":"","format":"standard","meta":{"_acf_changed":false,"colormag_page_container_layout":"default_layout","colormag_page_sidebar_layout":"default_layout","footnotes":""},"categories":[7],"tags":[19],"class_list":["post-1190","post","type-post","status-publish","format-standard","hentry","category-uncategorized","tag-becas-cin"],"acf":[],"jetpack_featured_media_url":"","_links":{"self":[{"href":"https:\/\/ffyh.unc.edu.ar\/secyt\/wp-json\/wp\/v2\/posts\/1190","targetHints":{"allow":["GET"]}}],"collection":[{"href":"https:\/\/ffyh.unc.edu.ar\/secyt\/wp-json\/wp\/v2\/posts"}],"about":[{"href":"https:\/\/ffyh.unc.edu.ar\/secyt\/wp-json\/wp\/v2\/types\/post"}],"author":[{"embeddable":true,"href":"https:\/\/ffyh.unc.edu.ar\/secyt\/wp-json\/wp\/v2\/users\/1"}],"replies":[{"embeddable":true,"href":"https:\/\/ffyh.unc.edu.ar\/secyt\/wp-json\/wp\/v2\/comments?post=1190"}],"version-history":[{"count":0,"href":"https:\/\/ffyh.unc.edu.ar\/secyt\/wp-json\/wp\/v2\/posts\/1190\/revisions"}],"wp:attachment":[{"href":"https:\/\/ffyh.unc.edu.ar\/secyt\/wp-json\/wp\/v2\/media?parent=1190"}],"wp:term":[{"taxonomy":"category","embeddable":true,"href":"https:\/\/ffyh.unc.edu.ar\/secyt\/wp-json\/wp\/v2\/categories?post=1190"},{"taxonomy":"post_tag","embeddable":true,"href":"https:\/\/ffyh.unc.edu.ar\/secyt\/wp-json\/wp\/v2\/tags?post=1190"}],"curies":[{"name":"wp","href":"https:\/\/api.w.org\/{rel}","templated":true}]}}