{"id":1274,"date":"2015-05-02T11:54:43","date_gmt":"2015-05-02T14:54:43","guid":{"rendered":"http:\/\/secyt.ffyh.unc.edu.ar\/?p=1274"},"modified":"2015-05-02T11:54:43","modified_gmt":"2015-05-02T14:54:43","slug":"convocatoria-de-categorizacion-2014","status":"publish","type":"post","link":"https:\/\/ffyh.unc.edu.ar\/secyt\/uncategorized\/convocatoria-de-categorizacion-2014\/","title":{"rendered":"Categorizaci\u00f3n 2014"},"content":{"rendered":"<blockquote>\n<div style=\"color: #222222\"><strong><span style=\"color: #ff0000\">Nueva pr\u00f3rroga: hasta el 30 de mayo\u00a0de 2015, 12hs<\/span><\/strong><\/div>\n<\/blockquote>\n<p><!--more--><\/p>\n<div style=\"color: #222222\"><span style=\"color: #000000\">\u00a0<\/span><\/div>\n<div style=\"color: #222222\"><span style=\"color: #000000\"><strong>1. Caracter\u00edsticas<\/strong><\/span><\/div>\n<div style=\"color: #222222\"><span style=\"color: #000000\">A partir de la convocatoria 2014 los solicitantes deber\u00e1n incorporar su informaci\u00f3n curricular en el curr\u00edculo unificado nacional,\u00a0<b>CVar<\/b>, \u00a0del MINISTERIO DE CIENCIA, TECNOLOG\u00cdA E INNOVACI\u00d3N PRODUCTIVA<\/span><\/div>\n<div style=\"color: #222222\"><strong><span style=\"color: #000000\">\u00a0<\/span><\/strong><\/div>\n<div style=\"color: #222222\"><span style=\"color: #000000\"><strong>Podr\u00e1n participar:<\/strong><br \/>\n<em>1.\u00a0aquellos docentes investigadores que no hayan sido categorizados en convocatorias anteriores y aspiren a ingresar al Programa de Incentivos a los Docentes Investigadores.<\/em><\/span><\/div>\n<div style=\"color: #222222\"><span style=\"color: #000000\"><em>2. voluntariamente, aquellos docentes investigadores que hubieran sido categorizados en el proceso iniciado en el a\u00f1o 2009 y pretendan cambiar su categor\u00eda.<\/em><\/span><\/div>\n<div style=\"color: #222222\"><span style=\"color: #000000\"><em>3. Deber\u00e1n presentarse, obligatoriamente, aquellos docentes investigadores que hayan obtenido su actual categor\u00eda en la convocatoria 2004 y quieran seguir participando del Programa<\/em>\u00a0<\/span><\/div>\n<div style=\"color: #222222\"><span style=\"color: #000000\"><strong>No podr\u00e1n participar:<\/strong><br \/>\n<em>Aquellos docentes cuya categorizaci\u00f3n no cuente con una antig\u00fcedad de cuatro a\u00f1os al 3 de noviembre de 2014, fecha de inicio de la convocatoria 2014.<\/em><\/span><\/div>\n<div style=\"color: #222222\"><span style=\"color: #000000\">\u00a0<\/span><\/div>\n<div style=\"color: #222222\"><strong><span style=\"color: #000000\">2. Instrumentos utilizados para la categorizaci\u00f3n 2014<\/span><\/strong><\/div>\n<p>Informaci\u00f3n general:<\/p>\n<div style=\"color: #222222\">\n<div>\n<div><span style=\"font-family: Arial;font-size: small\">* Categ_2014 &#8211;<a href=\"https:\/\/drive.google.com\/file\/d\/0BxTOBr5RPIozeUJFUHFTdEgzUllUekc5TWJOY3lVd3gwZFpz\/view?usp=sharing\" target=\"_blank\"> Manual de Procedimientos.pdf<\/a><\/span><\/div>\n<div><span style=\"font-family: Arial;font-size: small\">* Categ_2014 &#8211; <a href=\"https:\/\/drive.google.com\/file\/d\/0B_zLw_HOSOydVEJWV0hKUTFXVkRDN3ctbHl4OFg4dlJYT2hR\/view?usp=sharing\" target=\"_blank\">Preguntas frecuentes.pdf<\/a><\/span><\/div>\n<div><\/div>\n<div><span style=\"font-family: Arial;font-size: small\">Requisitos cualitativos y cualitativos para acceder\u00a0a cada una de las categor\u00edas\u00a0(I, II, III, IV y\u00a0V):<\/span><\/div>\n<div><span style=\"font-family: Arial;font-size: small\">* Categ_2014 &#8211; <a href=\"https:\/\/drive.google.com\/file\/d\/0BxTOBr5RPIozMzhLZk90QVBXS1pzSzJtZHlpTHg3WDVjcUIw\/view?usp=sharing\" target=\"_blank\">Art 5 y 18 del M.P. (Requisitos Cualitativos).pdf<\/a><\/span><\/div>\n<div><span style=\"font-family: Arial;font-size: small\">* Categ_2014 &#8211;<a href=\"https:\/\/drive.google.com\/file\/d\/0BxTOBr5RPIozRkE2ZUI4TmtGc0t6RjlfUVpITHB4WGp3SFZV\/view?usp=sharing\" target=\"_blank\"> Pautas de Evaluaci\u00f3n (Requisitos Cuantitativos).pdf<\/a><\/span><\/div>\n<div><\/div>\n<div><span style=\"font-family: Arial;font-size: small\">Instructivos para pasar los datos desde SIGEVA-UNC a CVar y al CV de Incentivos.<\/span><\/div>\n<div><span style=\"font-family: Arial;font-size: small\">* Categ_2014 &#8211; <a href=\"https:\/\/drive.google.com\/file\/d\/0BxTOBr5RPIozUWpka3p2WERhT0hMVXZUY3J3Ym1DV09KMWg4\/view?usp=sharing\" target=\"_blank\">Instructivo env\u00edo Solicitud de Categorizaci\u00f3n.pdf<\/a><\/span><\/div>\n<div><span style=\"font-family: Arial;font-size: small\">* Categ_2014 &#8211;<a href=\"https:\/\/drive.google.com\/file\/d\/0BxTOBr5RPIozcklwc0tQNzgxRGYtcUdlWFA2eFhKVmR4RkQw\/view?usp=sharing\" target=\"_blank\"> Instructivo Compartir datos SIGEVA-CVar.pdf<\/a><\/span><\/div>\n<div><\/div>\n<div><span style=\"font-family: Arial;font-size: small\">Guia para completar el CVar seg\u00fan lo requerido por el CV de Incentivos y las Pautas de Evaluaci\u00f3n.<\/span><\/div>\n<div><span style=\"font-family: Arial;font-size: small\">* Categ_2014 &#8211; <a href=\"https:\/\/drive.google.com\/file\/d\/0BxTOBr5RPIozWjZEdWNNNGpfYXA2SFFHWnBTc3F4dGJEUVZZ\/view?usp=sharing\" target=\"_blank\">Guia para asociar items de CV de Incentivos en el CVar.pdf<\/a><\/span><\/div>\n<div>\n<p><strong><br \/>\nNotas modelo<\/strong><\/p>\n<ul>\n<li><a href=\"http:\/\/www.unc.edu.ar\/investigacion\/subsidios-e-incentivos\/programa-de-incentivos\/resolveuid\/56730b645bc449a1bf371870c2213d03\" target=\"_blank\">Informe Cronol\u00f3gico de Formaci\u00f3n de Recursos Humanos<\/a>\u00a0(opcional para Categor\u00edas I y II)<\/li>\n<li><a href=\"https:\/\/drive.google.com\/file\/d\/0BxTOBr5RPIozMUFyaVVYcUVDX3c\/view?usp=sharing\">Informe cronol\u00f3gico de participaci\u00f3n en proyectos de investigaci\u00f3n <\/a>(opcional para categor\u00eda III)<\/li>\n<li><a href=\"http:\/\/www.unc.edu.ar\/investigacion\/subsidios-e-incentivos\/programa-de-incentivos\/resolveuid\/d7bac68aa00443fc9c67451c9b85845d\">Desestimaci\u00f3n de Recurso Jer\u00e1rquico de Categorizaci\u00f3n 2009<\/a><\/li>\n<\/ul>\n<\/div>\n<\/div>\n<div><span style=\"color: #000000\">\u00a0<\/span><\/div>\n<\/div>\n<div style=\"color: #222222\">\n<div style=\"color: #000000\">3. Recomendaciones<\/div>\n<div style=\"color: #000000\">-Los datos contenidos en Sigeva- UNC pueden servir para completar el CVar, pero\u00a0<span style=\"text-decoration: underline\">la migraci\u00f3n no es directa<\/span>, puesto que el CVar s\u00f3lo recepta los datos del sigeva \u2013CONICET. Por lo tanto, quienes no tengan sus datos en el Sigeva- Conicet deber\u00e1n darse de alta y hacer las migraciones respectivas.<\/div>\n<div style=\"color: #000000\">Opciones:<\/div>\n<div style=\"color: #000000\"><span lang=\"IT\">1) Sigeva Unc- ( migrar a) Sigeva \u2013Conicet- Cvar.<\/span><\/div>\n<div style=\"color: #000000\">2) Sigeva Conicet (migrar a ) Cvar<\/div>\n<div style=\"color: #000000\">3) Quien\u00a0 no tenga datos cargados en ning\u00fan sigeva, puede hacerlo directamente en. CVAR<\/div>\n<div style=\"color: #000000\"><\/div>\n<div style=\"color: #000000\"><\/div>\n<div style=\"color: #000000\">-Para esta nueva categorizaci\u00f3n es necesario cargando la totalidad de los datos del CV, desde los inicios de la carrera docente y de investigaci\u00f3n.<\/div>\n<div style=\"color: #000000\"><\/div>\n<div style=\"color: #000000\"><strong>M\u00e1s Informaci\u00f3n:\u00a0\u00a0<a href=\"http:\/\/portales.educacion.gov.ar\/spu\/incentivos-a-docentes-investigadores\/categorizacion\/\" target=\"_blank\">ingresar<\/a><\/strong><\/div>\n<\/div>\n","protected":false},"excerpt":{"rendered":"<p>Nueva pr\u00f3rroga: hasta el 30 de mayo\u00a0de 2015, 12hs<\/p>\n","protected":false},"author":1,"featured_media":0,"comment_status":"closed","ping_status":"closed","sticky":false,"template":"","format":"standard","meta":{"_acf_changed":false,"colormag_page_container_layout":"default_layout","colormag_page_sidebar_layout":"default_layout","footnotes":""},"categories":[7],"tags":[57],"class_list":["post-1274","post","type-post","status-publish","format-standard","hentry","category-uncategorized","tag-cagorizaciones"],"acf":[],"jetpack_featured_media_url":"","_links":{"self":[{"href":"https:\/\/ffyh.unc.edu.ar\/secyt\/wp-json\/wp\/v2\/posts\/1274","targetHints":{"allow":["GET"]}}],"collection":[{"href":"https:\/\/ffyh.unc.edu.ar\/secyt\/wp-json\/wp\/v2\/posts"}],"about":[{"href":"https:\/\/ffyh.unc.edu.ar\/secyt\/wp-json\/wp\/v2\/types\/post"}],"author":[{"embeddable":true,"href":"https:\/\/ffyh.unc.edu.ar\/secyt\/wp-json\/wp\/v2\/users\/1"}],"replies":[{"embeddable":true,"href":"https:\/\/ffyh.unc.edu.ar\/secyt\/wp-json\/wp\/v2\/comments?post=1274"}],"version-history":[{"count":0,"href":"https:\/\/ffyh.unc.edu.ar\/secyt\/wp-json\/wp\/v2\/posts\/1274\/revisions"}],"wp:attachment":[{"href":"https:\/\/ffyh.unc.edu.ar\/secyt\/wp-json\/wp\/v2\/media?parent=1274"}],"wp:term":[{"taxonomy":"category","embeddable":true,"href":"https:\/\/ffyh.unc.edu.ar\/secyt\/wp-json\/wp\/v2\/categories?post=1274"},{"taxonomy":"post_tag","embeddable":true,"href":"https:\/\/ffyh.unc.edu.ar\/secyt\/wp-json\/wp\/v2\/tags?post=1274"}],"curies":[{"name":"wp","href":"https:\/\/api.w.org\/{rel}","templated":true}]}}