{"id":1483,"date":"2016-07-05T17:05:46","date_gmt":"2016-07-05T20:05:46","guid":{"rendered":"http:\/\/secyt.ffyh.unc.edu.ar\/?p=1483"},"modified":"2016-07-05T17:05:46","modified_gmt":"2016-07-05T20:05:46","slug":"becas-secyt-convocatorias-2016","status":"publish","type":"post","link":"https:\/\/ffyh.unc.edu.ar\/secyt\/uncategorized\/becas-secyt-convocatorias-2016\/","title":{"rendered":"Becas SECyT &#8211; Convocatorias 2016"},"content":{"rendered":"<p>El llamado corresponde a<strong> Becas de Maestr\u00edas y Doctorados; Finalizaci\u00f3n de Doctorados para menores de 35 a\u00f1os; Finalizaci\u00f3n de Posgrado para Docentes mayores de 35 a\u00f1os; y Postdoctorales<\/strong>.<!--more--><\/p>\n<table style=\"height: 1054px\" border=\"0\" width=\"587\" cellspacing=\"0\" cellpadding=\"0\">\n<tbody>\n<tr>\n<td>\n<table border=\"0\" width=\"100%\" cellspacing=\"0\" cellpadding=\"0\">\n<tbody>\n<tr>\n<td width=\"19%\">\n<div><\/div>\n<\/td>\n<td width=\"69%\"><\/td>\n<td width=\"7%\"><\/td>\n<td width=\"5%\"><\/td>\n<\/tr>\n<tr>\n<td colspan=\"4\">\n<div>\n<div><a href=\"http:\/\/www.unciencia.unc.edu.ar\/2015\/octubre\/crean-y-patentan-un-snack-saludable-con-harinas-no-tradicionales\" target=\"_blank\">Ya est\u00e1n abiertas las Convocatorias 2016 a Becas SECyT<\/a><\/div>\n<\/div>\n<\/td>\n<\/tr>\n<tr>\n<td colspan=\"4\"><img decoding=\"async\" class=\"CToWUd a6T\" src=\"https:\/\/ci3.googleusercontent.com\/proxy\/QS0imovQHBzOjCeP0JK4DElF-krPmssE6q-6bt5tAOIuaJcKYYZt5J_3jfqJwUAGXwMb8sJ8NLHV66iephhl2FVmiVuuErktqFou78icV_YXCNIcR9LST9eKNee456hgz3IWSGLibxE0Krqbvp7226IRZmB1yfJEVhy_So-Renf6=s0-d-e1-ft#http:\/\/www.unc.edu.ar\/investigacion\/2016\/ya-estan-abiertas-las-convocatorias-2016-a-becas-secyt\/image_large\" alt=\"\" \/><\/td>\n<\/tr>\n<tr>\n<td colspan=\"4\">\n<div>\n<p>El 4 de julio, abri\u00f3 una nueva convocatoria a<a href=\"http:\/\/www.unc.edu.ar\/investigacion\/financiamiento\/becas\" target=\"_blank\"> Becas de la Secretar\u00eda de Ciencia y Tecnolog\u00eda (SECyT) de la UNC.<\/a><\/p>\n<p>El llamado corresponde a<strong> Becas de Maestr\u00edas y Doctorados; Finalizaci\u00f3n de Doctorados para menores de 35 a\u00f1os; Finalizaci\u00f3n de Posgrado para Docentes mayores de 35 a\u00f1os; y Postdoctorales<\/strong>.<\/p>\n<p>Estas cuatro convocatorias estar\u00e1n abiertas <strong>hasta el 5 de septiembre, para los env\u00edos electr\u00f3nicos; y el 9 de septiembre, para las presentaciones de carpetas.<\/strong><\/p>\n<p>Se recuerda que los sitios de presentaciones son las Secretar\u00edas de Ciencia y Tecnolog\u00eda -o dependencia equivalente-, de las respectivas Unidades Acad\u00e9micas.<\/p>\n<p>Adem\u00e1s, como se inform\u00f3 anteriormente, tambi\u00e9n se pueden hacer presentaciones a <strong>Becas Doctorales Internas Cofinanciadas entre nuestra Universidad y el Consejo Nacional de Investigaciones Cient\u00edficas y T\u00e9cnicas (CONICET), hasta el 5 de agosto.<\/strong> Los temas que priorizar\u00e1n en la edici\u00f3n de esta convocatoria son: Energ\u00edas renovables y uso eficiente de la energ\u00eda en la Provincia de C\u00f3rdoba. Aspectos ecol\u00f3gicos y sociales relacionados a los incendios en la Provincia de C\u00f3rdoba. Procesos territoriales, segregaci\u00f3n, pr\u00e1cticas sociales y subjetividades dentro del Territorio de la Provincia de C\u00f3rdoba.<\/p>\n<p><strong>Bases de las Convocatorias 2016 a Becas:<\/strong><\/p>\n<p><a href=\"http:\/\/www.unc.edu.ar\/investigacion\/financiamiento\/becas\/paramaestriasydoctorados\/becas-de-maestria-y-doctorado\" target=\"_blank\">Maestr\u00edas y Doctorados<\/a><\/p>\n<p><a href=\"http:\/\/www.unc.edu.ar\/investigacion\/financiamiento\/becas\/finalizacion-posgrados\/becas-para-la-finalizacion-de-maestrias-y-doctorados\" target=\"_blank\">Finalizaci\u00f3n de Doctorados para menores de 35 a\u00f1os<\/a><\/p>\n<p><a href=\"http:\/\/www.unc.edu.ar\/investigacion\/financiamiento\/becas\/becas-de-finalizacion-de-posgrado-para-docentes-35\" target=\"_blank\">Finalizaci\u00f3n de Posgrado para Docentes mayores de 35 a\u00f1os<\/a><\/p>\n<p><a href=\"http:\/\/www.unc.edu.ar\/investigacion\/financiamiento\/becas\/posdoctorales\/becas-posdoctorales\" target=\"_blank\">Posdoctorales<\/a><\/p>\n<p><a href=\"http:\/\/www.unc.edu.ar\/investigacion\/financiamiento\/becas\/cofinanciadas-unc-conicet\/becas-doctorales-internas-cofinanciadas-unc-conicet\" target=\"_blank\">Becas Cofinanciadas UNC-CONICET<\/a><\/p>\n<\/div>\n<\/td>\n<\/tr>\n<\/tbody>\n<\/table>\n<\/td>\n<\/tr>\n<\/tbody>\n<\/table>\n","protected":false},"excerpt":{"rendered":"<p>El llamado corresponde a Becas de Maestr\u00edas y Doctorados; Finalizaci\u00f3n de Doctorados para menores de 35 a\u00f1os; Finalizaci\u00f3n de Posgrado<\/p>\n","protected":false},"author":1,"featured_media":0,"comment_status":"closed","ping_status":"closed","sticky":false,"template":"","format":"standard","meta":{"_acf_changed":false,"colormag_page_container_layout":"default_layout","colormag_page_sidebar_layout":"default_layout","footnotes":""},"categories":[7],"tags":[9,42],"class_list":["post-1483","post","type-post","status-publish","format-standard","hentry","category-uncategorized","tag-becas-doctorado","tag-becas-secyt"],"acf":[],"jetpack_featured_media_url":"","_links":{"self":[{"href":"https:\/\/ffyh.unc.edu.ar\/secyt\/wp-json\/wp\/v2\/posts\/1483","targetHints":{"allow":["GET"]}}],"collection":[{"href":"https:\/\/ffyh.unc.edu.ar\/secyt\/wp-json\/wp\/v2\/posts"}],"about":[{"href":"https:\/\/ffyh.unc.edu.ar\/secyt\/wp-json\/wp\/v2\/types\/post"}],"author":[{"embeddable":true,"href":"https:\/\/ffyh.unc.edu.ar\/secyt\/wp-json\/wp\/v2\/users\/1"}],"replies":[{"embeddable":true,"href":"https:\/\/ffyh.unc.edu.ar\/secyt\/wp-json\/wp\/v2\/comments?post=1483"}],"version-history":[{"count":0,"href":"https:\/\/ffyh.unc.edu.ar\/secyt\/wp-json\/wp\/v2\/posts\/1483\/revisions"}],"wp:attachment":[{"href":"https:\/\/ffyh.unc.edu.ar\/secyt\/wp-json\/wp\/v2\/media?parent=1483"}],"wp:term":[{"taxonomy":"category","embeddable":true,"href":"https:\/\/ffyh.unc.edu.ar\/secyt\/wp-json\/wp\/v2\/categories?post=1483"},{"taxonomy":"post_tag","embeddable":true,"href":"https:\/\/ffyh.unc.edu.ar\/secyt\/wp-json\/wp\/v2\/tags?post=1483"}],"curies":[{"name":"wp","href":"https:\/\/api.w.org\/{rel}","templated":true}]}}