{"id":1584,"date":"2017-03-21T12:46:28","date_gmt":"2017-03-21T15:46:28","guid":{"rendered":"http:\/\/secyt.ffyh.unc.edu.ar\/?p=1584"},"modified":"2017-03-21T12:46:28","modified_gmt":"2017-03-21T15:46:28","slug":"convocatoria-para-la-publicacion-de-articulos-en-el-numero-7-de-la-revista-sintesis","status":"publish","type":"post","link":"https:\/\/ffyh.unc.edu.ar\/secyt\/uncategorized\/convocatoria-para-la-publicacion-de-articulos-en-el-numero-7-de-la-revista-sintesis\/","title":{"rendered":"Convocatoria para la publicaci\u00f3n de art\u00edculos en el n\u00famero 7 de la Revista S\u00edntesis"},"content":{"rendered":"<p><strong>Fecha de cierre de la convocatoria<\/strong>: 31 de mayo de 2017.<\/p>\n<p><!--more--><\/p>\n<div class=\"content clear-block\">\n<p><img decoding=\"async\" src=\"http:\/\/www.ffyh.unc.edu.ar\/editorial\/wp-content\/uploads\/2015\/08\/homeHeaderTitleImage_es_ES-sintesis.png\" alt=\"\" \/>La Secretar\u00eda\u00a0Acad\u00e9mica y la Secretar\u00eda\u00a0de Investigaci\u00f3n, Ciencia y T\u00e9cnica de la FFyH abren la convocatoria para la publicaci\u00f3n de art\u00edculos en\u00a0la Revista S\u00edntesis n\u00ba 7\u00a0(2016). Esta revista de car\u00e1cter cient\u00edfico, re\u00fane art\u00edculos elaborados a partir de los Trabajos Finales de Licenciatura, producidos por los y las estudiantes de\u00a0la Facultad\u00a0de Filosof\u00eda y Humanidades de\u00a0la UNC.<\/p>\n<p><strong>Fecha de cierre de la convocatoria<\/strong>: 31 de mayo de 2017.<\/p>\n<p>Podr\u00e1n enviar art\u00edculos quienes hayan defendido su Trabajo Final de Licenciatura entre el\u00a0 1\u00ba de febrero y \u00a0el 31 de diciembre de 2016.<\/p>\n<p><strong>Descargas<\/strong><\/p>\n<ul>\n<li><a href=\"http:\/\/www.ffyh.unc.edu.ar\/editorial\/wp-content\/uploads\/2017\/03\/Detalles-convocatoria-sintesis-7.pdf\" target=\"_blank\">Detalles de la\u00a0convocatoria\u00a0y Pautas de Publicaci\u00f3n<\/a><\/li>\n<\/ul>\n<ul>\n<li><a href=\"http:\/\/www.ffyh.unc.edu.ar\/editorial\/wp-content\/uploads\/2017\/03\/PLANTILLA-SINTESIS-2016.doc\" target=\"_blank\">Plantilla para presentaci\u00f3n de trabajos<\/a><\/li>\n<\/ul>\n<p>Env\u00edo de propuestas y consultas:\u00a0<a href=\"mailto:secyt@ffyh.unc.edu.ar\">secyt@ffyh.unc.edu.ar<\/a><\/p>\n<\/div>\n","protected":false},"excerpt":{"rendered":"<p>Fecha de cierre de la convocatoria: 31 de mayo de 2017.<\/p>\n","protected":false},"author":1,"featured_media":0,"comment_status":"closed","ping_status":"closed","sticky":false,"template":"","format":"standard","meta":{"_acf_changed":false,"colormag_page_container_layout":"default_layout","colormag_page_sidebar_layout":"default_layout","footnotes":""},"categories":[7],"tags":[34],"class_list":["post-1584","post","type-post","status-publish","format-standard","hentry","category-uncategorized","tag-revista-sintesis"],"acf":[],"jetpack_featured_media_url":"","_links":{"self":[{"href":"https:\/\/ffyh.unc.edu.ar\/secyt\/wp-json\/wp\/v2\/posts\/1584","targetHints":{"allow":["GET"]}}],"collection":[{"href":"https:\/\/ffyh.unc.edu.ar\/secyt\/wp-json\/wp\/v2\/posts"}],"about":[{"href":"https:\/\/ffyh.unc.edu.ar\/secyt\/wp-json\/wp\/v2\/types\/post"}],"author":[{"embeddable":true,"href":"https:\/\/ffyh.unc.edu.ar\/secyt\/wp-json\/wp\/v2\/users\/1"}],"replies":[{"embeddable":true,"href":"https:\/\/ffyh.unc.edu.ar\/secyt\/wp-json\/wp\/v2\/comments?post=1584"}],"version-history":[{"count":0,"href":"https:\/\/ffyh.unc.edu.ar\/secyt\/wp-json\/wp\/v2\/posts\/1584\/revisions"}],"wp:attachment":[{"href":"https:\/\/ffyh.unc.edu.ar\/secyt\/wp-json\/wp\/v2\/media?parent=1584"}],"wp:term":[{"taxonomy":"category","embeddable":true,"href":"https:\/\/ffyh.unc.edu.ar\/secyt\/wp-json\/wp\/v2\/categories?post=1584"},{"taxonomy":"post_tag","embeddable":true,"href":"https:\/\/ffyh.unc.edu.ar\/secyt\/wp-json\/wp\/v2\/tags?post=1584"}],"curies":[{"name":"wp","href":"https:\/\/api.w.org\/{rel}","templated":true}]}}