{"id":1740,"date":"2018-08-09T15:45:48","date_gmt":"2018-08-09T15:45:48","guid":{"rendered":"http:\/\/ffyh.unc.edu.ar\/secyt\/?p=1740"},"modified":"2018-09-05T18:45:42","modified_gmt":"2018-09-05T18:45:42","slug":"becas-secyt-convocatoria-2018","status":"publish","type":"post","link":"https:\/\/ffyh.unc.edu.ar\/secyt\/sin-categoria\/becas-secyt-convocatoria-2018\/","title":{"rendered":"Becas Secyt | Convocatoria 2018"},"content":{"rendered":"<p><img loading=\"lazy\" decoding=\"async\" class=\"size-medium wp-image-1775 alignright\" src=\"http:\/\/ffyh.unc.edu.ar\/secyt\/wp-content\/uploads\/sites\/22\/2018\/08\/unnamed-2-300x120.jpg\" alt=\"\" width=\"300\" height=\"120\" \/><\/p>\n<p>La Secretar\u00eda de Ciencia y Tecnolog\u00eda (SeCyT) informa que, debido a las consecuencias administrativas derivadas de los paros docentes y tomas de numerosas dependencias de la UNC, se resolvi\u00f3 prorrogar el cierre de la convocatoria 2018 a becas de la SeCyT.<\/p>\n<p>De esta manera, el nuevo cronograma de fechas es el siguiente:<\/p>\n<p><strong>Fecha de cierre para el env\u00edo electr\u00f3nico:<\/strong>\u00a020\u00a0de septiembre de 2018 a las 13 horas.<\/p>\n<p><strong>Fecha de cierre para presentaci\u00f3n de carpeta:\u00a0<\/strong>27\u00a0de septiembre de 2018.<\/p>\n<p><!--more--><\/p>\n<p>La convocatoria 2018 financiar\u00e1 una cantidad m\u00ednima de 27 becas, y para el otorgamiento se tendr\u00e1 en cuenta un orden de prioridad de tipo de beca estipulado por cada unidad acad\u00e9mica de la UNC, que se puede\u00a0<a href=\"https:\/\/www.unc.edu.ar\/sites\/default\/files\/Prioridades_Becas_Facultad_2018.pdf\" target=\"_blank\" rel=\"noopener\">consultar ingresando ac\u00e1.<\/a><\/p>\n<p>Las becas que se otorguen en la presente convocatoria comenzar\u00e1n a regir desde el 1 de abril de 2019.<\/p>\n<p><strong>Fechas<\/strong><\/p>\n<p>Fecha de apertura: 6 de agosto de 2018<\/p>\n<p>Fecha de cierre para el env\u00edo electr\u00f3nico: 20 de septiembre de 2018 <span style=\"color: #ff0000\">(ACTUALIZADO)<\/span><\/p>\n<p>Fecha de cierre para presentaci\u00f3n de carpeta: 27 de septiembre de 2018\u00a0<span style=\"color: #ff0000\">(ACTUALIZADO)<\/span><\/p>\n<p>Lugar de presentaci\u00f3n de carpeta: Secretar\u00eda de Ciencia y Tecnolog\u00eda o equivalente de Facultad.<\/p>\n<p><strong>Bases y condiciones<\/strong><\/p>\n<p><a href=\"https:\/\/www.unc.edu.ar\/node\/754\" target=\"_blank\" rel=\"noopener\">Iniciaci\u00f3n de Maestr\u00eda<\/a><\/p>\n<p><a href=\"https:\/\/www.unc.edu.ar\/node\/1144\" target=\"_blank\" rel=\"noopener\">Maestr\u00edas<\/a><\/p>\n<p><a href=\"https:\/\/www.unc.edu.ar\/node\/1146\" target=\"_blank\" rel=\"noopener\">Doctorado<\/a><\/p>\n<p><a href=\"https:\/\/www.unc.edu.ar\/node\/29410\" target=\"_blank\" rel=\"noopener\">Finalizaci\u00f3n de Doctorado<\/a><\/p>\n<p><a href=\"https:\/\/www.unc.edu.ar\/node\/1148\" target=\"_blank\" rel=\"noopener\">Posdoctorado<\/a><\/p>\n<p><a href=\"https:\/\/www.unc.edu.ar\/sites\/default\/files\/Resol_Reglamento_Becas_SECyT_2017_0.pdf\" target=\"_blank\" rel=\"noopener\"><strong>Reglamento de Becas SeCyT<\/strong><\/a><\/p>\n","protected":false},"excerpt":{"rendered":"<p>La Secretar\u00eda de Ciencia y Tecnolog\u00eda (SeCyT) informa que, debido a las consecuencias administrativas derivadas de los paros docentes y<\/p>\n","protected":false},"author":8,"featured_media":1775,"comment_status":"closed","ping_status":"closed","sticky":false,"template":"","format":"standard","meta":{"_acf_changed":false,"colormag_page_container_layout":"default_layout","colormag_page_sidebar_layout":"default_layout","footnotes":""},"categories":[1],"tags":[16],"class_list":["post-1740","post","type-post","status-publish","format-standard","has-post-thumbnail","hentry","category-sin-categoria","tag-becas"],"acf":[],"jetpack_featured_media_url":"https:\/\/ffyh.unc.edu.ar\/secyt\/wp-content\/uploads\/sites\/22\/2018\/08\/unnamed-2-e1536173083422.jpg","_links":{"self":[{"href":"https:\/\/ffyh.unc.edu.ar\/secyt\/wp-json\/wp\/v2\/posts\/1740","targetHints":{"allow":["GET"]}}],"collection":[{"href":"https:\/\/ffyh.unc.edu.ar\/secyt\/wp-json\/wp\/v2\/posts"}],"about":[{"href":"https:\/\/ffyh.unc.edu.ar\/secyt\/wp-json\/wp\/v2\/types\/post"}],"author":[{"embeddable":true,"href":"https:\/\/ffyh.unc.edu.ar\/secyt\/wp-json\/wp\/v2\/users\/8"}],"replies":[{"embeddable":true,"href":"https:\/\/ffyh.unc.edu.ar\/secyt\/wp-json\/wp\/v2\/comments?post=1740"}],"version-history":[{"count":6,"href":"https:\/\/ffyh.unc.edu.ar\/secyt\/wp-json\/wp\/v2\/posts\/1740\/revisions"}],"predecessor-version":[{"id":1779,"href":"https:\/\/ffyh.unc.edu.ar\/secyt\/wp-json\/wp\/v2\/posts\/1740\/revisions\/1779"}],"wp:featuredmedia":[{"embeddable":true,"href":"https:\/\/ffyh.unc.edu.ar\/secyt\/wp-json\/wp\/v2\/media\/1775"}],"wp:attachment":[{"href":"https:\/\/ffyh.unc.edu.ar\/secyt\/wp-json\/wp\/v2\/media?parent=1740"}],"wp:term":[{"taxonomy":"category","embeddable":true,"href":"https:\/\/ffyh.unc.edu.ar\/secyt\/wp-json\/wp\/v2\/categories?post=1740"},{"taxonomy":"post_tag","embeddable":true,"href":"https:\/\/ffyh.unc.edu.ar\/secyt\/wp-json\/wp\/v2\/tags?post=1740"}],"curies":[{"name":"wp","href":"https:\/\/api.w.org\/{rel}","templated":true}]}}