{"id":2173,"date":"2020-10-23T16:47:26","date_gmt":"2020-10-23T16:47:26","guid":{"rendered":"http:\/\/ffyh.unc.edu.ar\/secyt\/?p=2173"},"modified":"2021-03-04T11:17:45","modified_gmt":"2021-03-04T11:17:45","slug":"aprobacion-de-proeyctos-de-investigacion-secyt-convocatoria-2020","status":"publish","type":"post","link":"https:\/\/ffyh.unc.edu.ar\/secyt\/sin-categoria\/aprobacion-de-proeyctos-de-investigacion-secyt-convocatoria-2020\/","title":{"rendered":"Aprobaci\u00f3n de Proyectos de Investigaci\u00f3n Secyt &#8211; Convocatoria 2020"},"content":{"rendered":"<p>Estimadxs Docentes Investigadores:<br \/>\nSe informa que por medio de la Resoluci\u00f3n 233\/2020 se aprueban subsidios y avales a Proyectos y Programas de Investigaci\u00f3n, Desarrollo Tecnol\u00f3gico y Art\u00edstico de la SECyT-UNC, convocatoria 2020.<!--more--><\/p>\n<p><a href=\"http:\/\/ffyh.unc.edu.ar\/secyt\/wp-content\/uploads\/sites\/22\/2020\/10\/Reso-233-20.pdf\">Reso 233-20<\/a><br \/>\n<a href=\"http:\/\/ffyh.unc.edu.ar\/secyt\/wp-content\/uploads\/sites\/22\/2020\/10\/Anexo_I_Proyectos_aprobados_Consolidar_2020-2023.pdf\">Anexo_I_Proyectos_aprobados_Consolidar_2020-2023<\/a><br \/>\n<a href=\"http:\/\/ffyh.unc.edu.ar\/secyt\/wp-content\/uploads\/sites\/22\/2020\/10\/Anexo_II_Proyectos_aprobados_Formar_2020-2021.pdf\">Anexo_II_Proyectos_aprobados_Formar_2020-2021<\/a><br \/>\n<a href=\"http:\/\/ffyh.unc.edu.ar\/secyt\/wp-content\/uploads\/sites\/22\/2020\/10\/Anexo_III_Proyectos_aprobados_Estimular_2020-2021.pdf\">Anexo_III_Proyectos_aprobados_Estimular_2020-2021<\/a><br \/>\n<a href=\"http:\/\/ffyh.unc.edu.ar\/secyt\/wp-content\/uploads\/sites\/22\/2020\/10\/Anexo_IV_Proyectos_aprobados_Programas_2020-2021.pdf\">Anexo_IV_Proyectos_aprobados_Programas_2020-2021<\/a><\/p>\n<p>En la resoluci\u00f3n 233\/2020 no encontrar\u00e1n los montos asignados. Desde Secyt UNC nos informaron que esperan tener dicha Resoluci\u00f3n lista a la brevedad para poder pagar la \u00a0primera cuota.<\/p>\n<p>Felicitaciones a todxs lxs que fueron seleccionadxs y buen fin de semana!<br \/>\nEquipo de Seicyt FFyH<\/p>\n","protected":false},"excerpt":{"rendered":"<p>Estimadxs Docentes Investigadores: Se informa que por medio de la Resoluci\u00f3n 233\/2020 se aprueban subsidios y avales a Proyectos y<\/p>\n","protected":false},"author":8,"featured_media":1907,"comment_status":"closed","ping_status":"closed","sticky":false,"template":"","format":"standard","meta":{"_acf_changed":false,"colormag_page_container_layout":"default_layout","colormag_page_sidebar_layout":"default_layout","footnotes":""},"categories":[1],"tags":[56],"class_list":["post-2173","post","type-post","status-publish","format-standard","has-post-thumbnail","hentry","category-sin-categoria","tag-proyectos-secyt"],"acf":[],"jetpack_featured_media_url":"https:\/\/ffyh.unc.edu.ar\/secyt\/wp-content\/uploads\/sites\/22\/2019\/06\/Logo-Secyt-FFYH.jpg","_links":{"self":[{"href":"https:\/\/ffyh.unc.edu.ar\/secyt\/wp-json\/wp\/v2\/posts\/2173","targetHints":{"allow":["GET"]}}],"collection":[{"href":"https:\/\/ffyh.unc.edu.ar\/secyt\/wp-json\/wp\/v2\/posts"}],"about":[{"href":"https:\/\/ffyh.unc.edu.ar\/secyt\/wp-json\/wp\/v2\/types\/post"}],"author":[{"embeddable":true,"href":"https:\/\/ffyh.unc.edu.ar\/secyt\/wp-json\/wp\/v2\/users\/8"}],"replies":[{"embeddable":true,"href":"https:\/\/ffyh.unc.edu.ar\/secyt\/wp-json\/wp\/v2\/comments?post=2173"}],"version-history":[{"count":3,"href":"https:\/\/ffyh.unc.edu.ar\/secyt\/wp-json\/wp\/v2\/posts\/2173\/revisions"}],"predecessor-version":[{"id":2364,"href":"https:\/\/ffyh.unc.edu.ar\/secyt\/wp-json\/wp\/v2\/posts\/2173\/revisions\/2364"}],"wp:featuredmedia":[{"embeddable":true,"href":"https:\/\/ffyh.unc.edu.ar\/secyt\/wp-json\/wp\/v2\/media\/1907"}],"wp:attachment":[{"href":"https:\/\/ffyh.unc.edu.ar\/secyt\/wp-json\/wp\/v2\/media?parent=2173"}],"wp:term":[{"taxonomy":"category","embeddable":true,"href":"https:\/\/ffyh.unc.edu.ar\/secyt\/wp-json\/wp\/v2\/categories?post=2173"},{"taxonomy":"post_tag","embeddable":true,"href":"https:\/\/ffyh.unc.edu.ar\/secyt\/wp-json\/wp\/v2\/tags?post=2173"}],"curies":[{"name":"wp","href":"https:\/\/api.w.org\/{rel}","templated":true}]}}