{"id":2473,"date":"2021-03-26T13:56:15","date_gmt":"2021-03-26T13:56:15","guid":{"rendered":"https:\/\/ffyh.unc.edu.ar\/secyt\/?p=2473"},"modified":"2021-06-04T18:07:57","modified_gmt":"2021-06-04T18:07:57","slug":"1a-convocatoria-2021-apoyos-economicos-secyt-unc","status":"publish","type":"post","link":"https:\/\/ffyh.unc.edu.ar\/secyt\/sin-categoria\/1a-convocatoria-2021-apoyos-economicos-secyt-unc\/","title":{"rendered":"1\u00aa Convocatoria 2021 | Apoyos Econ\u00f3micos SECYT UNC"},"content":{"rendered":"<p>Desde el 1 de abril al 31 de mayo de 2021<!--more--><\/p>\n<p>&nbsp;<\/p>\n<p>Convocatoria a Apoyos Econ\u00f3micos 2021: eventos, publicaciones y viajes al exterior<\/p>\n<div>Desde el 1 de abril al 31 de mayo, se podr\u00e1n solicitar Apoyos Econ\u00f3micos a la SeCyT-UNC para: organizaci\u00f3n de eventos de tipo cient\u00edfico-acad\u00e9micos desarrollados en la UNC, publicaciones y viajes al exterior. Las solicitudes se realizar\u00e1n \u00fanicamente a trav\u00e9s del SIGEVA de la UNC. M\u00e1s informaci\u00f3n en: <a href=\"http:\/\/bit.ly\/Apoyoseconomicos2021\" target=\"_blank\" rel=\"noopener\" data-saferedirecturl=\"https:\/\/www.google.com\/url?q=http:\/\/bit.ly\/Apoyoseconomicos2021&amp;source=gmail&amp;ust=1616852936680000&amp;usg=AFQjCNFXM0dCzpTneoOZPjXJnaq8HQA_eg\">http:\/\/bit.ly\/Apoyoseconomicos2021<\/a><\/div>\n<div>\n<hr \/>\n<\/div>\n<div>Para los pedidos de <strong>apoyos para publicaciones<\/strong> se deber\u00e1 contar con tres presupuestos, uno de ellos tendr\u00e1 que ser de la UNC. En caso de solicitarlo en la Facultad de Filosof\u00eda y Humanidades enviar correo electr\u00f3nico a:<em><strong>\u00a0<a href=\"mailto:imprentaffyh@gmail.com\">imprentaffyh@gmail.com<\/a><\/strong><\/em><\/div>\n","protected":false},"excerpt":{"rendered":"<p>Desde el 1 de abril al 31 de mayo de 2021<\/p>\n","protected":false},"author":8,"featured_media":2474,"comment_status":"closed","ping_status":"closed","sticky":false,"template":"","format":"standard","meta":{"_acf_changed":false,"colormag_page_container_layout":"default_layout","colormag_page_sidebar_layout":"default_layout","footnotes":""},"categories":[1],"tags":[21],"class_list":["post-2473","post","type-post","status-publish","format-standard","has-post-thumbnail","hentry","category-sin-categoria","tag-apoyos-economicos"],"acf":[],"jetpack_featured_media_url":"https:\/\/ffyh.unc.edu.ar\/secyt\/wp-content\/uploads\/sites\/22\/2021\/03\/Convocatoria-Apoyos-Economicos-abril-2021.png","_links":{"self":[{"href":"https:\/\/ffyh.unc.edu.ar\/secyt\/wp-json\/wp\/v2\/posts\/2473","targetHints":{"allow":["GET"]}}],"collection":[{"href":"https:\/\/ffyh.unc.edu.ar\/secyt\/wp-json\/wp\/v2\/posts"}],"about":[{"href":"https:\/\/ffyh.unc.edu.ar\/secyt\/wp-json\/wp\/v2\/types\/post"}],"author":[{"embeddable":true,"href":"https:\/\/ffyh.unc.edu.ar\/secyt\/wp-json\/wp\/v2\/users\/8"}],"replies":[{"embeddable":true,"href":"https:\/\/ffyh.unc.edu.ar\/secyt\/wp-json\/wp\/v2\/comments?post=2473"}],"version-history":[{"count":4,"href":"https:\/\/ffyh.unc.edu.ar\/secyt\/wp-json\/wp\/v2\/posts\/2473\/revisions"}],"predecessor-version":[{"id":2530,"href":"https:\/\/ffyh.unc.edu.ar\/secyt\/wp-json\/wp\/v2\/posts\/2473\/revisions\/2530"}],"wp:featuredmedia":[{"embeddable":true,"href":"https:\/\/ffyh.unc.edu.ar\/secyt\/wp-json\/wp\/v2\/media\/2474"}],"wp:attachment":[{"href":"https:\/\/ffyh.unc.edu.ar\/secyt\/wp-json\/wp\/v2\/media?parent=2473"}],"wp:term":[{"taxonomy":"category","embeddable":true,"href":"https:\/\/ffyh.unc.edu.ar\/secyt\/wp-json\/wp\/v2\/categories?post=2473"},{"taxonomy":"post_tag","embeddable":true,"href":"https:\/\/ffyh.unc.edu.ar\/secyt\/wp-json\/wp\/v2\/tags?post=2473"}],"curies":[{"name":"wp","href":"https:\/\/api.w.org\/{rel}","templated":true}]}}