{"id":2731,"date":"2021-09-10T00:58:34","date_gmt":"2021-09-10T00:58:34","guid":{"rendered":"https:\/\/ffyh.unc.edu.ar\/secyt\/?p=2731"},"modified":"2021-11-05T14:50:28","modified_gmt":"2021-11-05T14:50:28","slug":"nueva-publicacion-de-la-serie-tesis-de-posgrado-blanchot-el-rumor-de-las-comunidades-anonimas","status":"publish","type":"post","link":"https:\/\/ffyh.unc.edu.ar\/secyt\/sin-categoria\/nueva-publicacion-de-la-serie-tesis-de-posgrado-blanchot-el-rumor-de-las-comunidades-anonimas\/","title":{"rendered":"Nueva publicaci\u00f3n: \u00abBlanchot: el rumor de las comunidades an\u00f3nimas\u00bb"},"content":{"rendered":"<p>La Secretar\u00eda de Investigaci\u00f3n, Ciencia y T\u00e9cnica y la Secretar\u00eda de Posgrado de la FFyH publican, en acceso abierto, el Ebook \u201cBlanchot: el rumor de las comunidades an\u00f3nimas\u201d, de Carolina Villada Castro.<\/p>\n<p>Acerca de la obra<br \/>\nLa obra indaga en los relatos de Maurice Blanchot, poniendo de manifiesto c\u00f3mo una red de murmullos se transforma en una escritura de las comunidades an\u00f3nimas, una escritura colectiva, insumisa y testimonial que, adem\u00e1s del rechazo de lo insoportable e injustificable, llega a nombrar lo indecible, a invocar y acoger a los ausentes. Esto con el fin de explicitar sus alcances \u00e9ticos a partir de la po\u00e9tica de la alteridad y la hospitalidad de la escritura que se deriva de sus trabajos.<\/p>\n<p>Acerca de la autora<br \/>\nCarolina Villada Castro (Colombia, 1987) es Profesional en filosof\u00eda por la Universidad de Antioquia-Colombia, Mag\u00edster en Estudios de las Traducciones por la Universidad Federal de Santa Catarina-Brasil y Doctora en letras por la UNC. Sus indagaciones se dedican a la po\u00e9tica, \u00e9tica y est\u00e9tica. Se ha desempe\u00f1ado como docente y traductora literaria.<\/p>\n<p>Ebook disponible <a href=\"https:\/\/ffyh.unc.edu.ar\/secyt\/publicaciones\/tesis-de-posgrado\/\">aqu\u00ed<\/a><\/p>\n","protected":false},"excerpt":{"rendered":"<p>La Secretar\u00eda de Investigaci\u00f3n, Ciencia y T\u00e9cnica y la Secretar\u00eda de Posgrado de la FFyH publican, en acceso abierto, el<\/p>\n","protected":false},"author":8,"featured_media":3003,"comment_status":"closed","ping_status":"closed","sticky":false,"template":"","format":"standard","meta":{"_acf_changed":false,"colormag_page_container_layout":"default_layout","colormag_page_sidebar_layout":"default_layout","footnotes":""},"categories":[1],"tags":[106,49],"class_list":["post-2731","post","type-post","status-publish","format-standard","has-post-thumbnail","hentry","category-sin-categoria","tag-e-book","tag-editorial-ffyh-2"],"acf":[],"jetpack_featured_media_url":"https:\/\/ffyh.unc.edu.ar\/secyt\/wp-content\/uploads\/sites\/22\/2021\/09\/4.png","_links":{"self":[{"href":"https:\/\/ffyh.unc.edu.ar\/secyt\/wp-json\/wp\/v2\/posts\/2731","targetHints":{"allow":["GET"]}}],"collection":[{"href":"https:\/\/ffyh.unc.edu.ar\/secyt\/wp-json\/wp\/v2\/posts"}],"about":[{"href":"https:\/\/ffyh.unc.edu.ar\/secyt\/wp-json\/wp\/v2\/types\/post"}],"author":[{"embeddable":true,"href":"https:\/\/ffyh.unc.edu.ar\/secyt\/wp-json\/wp\/v2\/users\/8"}],"replies":[{"embeddable":true,"href":"https:\/\/ffyh.unc.edu.ar\/secyt\/wp-json\/wp\/v2\/comments?post=2731"}],"version-history":[{"count":4,"href":"https:\/\/ffyh.unc.edu.ar\/secyt\/wp-json\/wp\/v2\/posts\/2731\/revisions"}],"predecessor-version":[{"id":2780,"href":"https:\/\/ffyh.unc.edu.ar\/secyt\/wp-json\/wp\/v2\/posts\/2731\/revisions\/2780"}],"wp:featuredmedia":[{"embeddable":true,"href":"https:\/\/ffyh.unc.edu.ar\/secyt\/wp-json\/wp\/v2\/media\/3003"}],"wp:attachment":[{"href":"https:\/\/ffyh.unc.edu.ar\/secyt\/wp-json\/wp\/v2\/media?parent=2731"}],"wp:term":[{"taxonomy":"category","embeddable":true,"href":"https:\/\/ffyh.unc.edu.ar\/secyt\/wp-json\/wp\/v2\/categories?post=2731"},{"taxonomy":"post_tag","embeddable":true,"href":"https:\/\/ffyh.unc.edu.ar\/secyt\/wp-json\/wp\/v2\/tags?post=2731"}],"curies":[{"name":"wp","href":"https:\/\/api.w.org\/{rel}","templated":true}]}}