{"id":3155,"date":"2022-02-15T19:19:30","date_gmt":"2022-02-15T19:19:30","guid":{"rendered":"https:\/\/ffyh.unc.edu.ar\/secyt\/?p=3155"},"modified":"2022-04-05T15:39:43","modified_gmt":"2022-04-05T15:39:43","slug":"becas-de-iniciacion-en-la-investigacion-convocatoria-2022","status":"publish","type":"post","link":"https:\/\/ffyh.unc.edu.ar\/secyt\/sin-categoria\/becas-de-iniciacion-en-la-investigacion-convocatoria-2022\/","title":{"rendered":"Becas de Iniciaci\u00f3n en la Investigaci\u00f3n | Convocatoria 2022"},"content":{"rendered":"<p><img loading=\"lazy\" decoding=\"async\" class=\" wp-image-3173 alignright\" src=\"http:\/\/ffyh.unc.edu.ar\/secyt\/wp-content\/uploads\/sites\/22\/2022\/02\/WhatsApp-Image-2022-02-16-at-11.01.43-AM-300x300.jpeg\" alt=\"\" width=\"496\" height=\"496\" srcset=\"https:\/\/ffyh.unc.edu.ar\/secyt\/wp-content\/uploads\/sites\/22\/2022\/02\/WhatsApp-Image-2022-02-16-at-11.01.43-AM-300x300.jpeg 300w, https:\/\/ffyh.unc.edu.ar\/secyt\/wp-content\/uploads\/sites\/22\/2022\/02\/WhatsApp-Image-2022-02-16-at-11.01.43-AM-1024x1024.jpeg 1024w, https:\/\/ffyh.unc.edu.ar\/secyt\/wp-content\/uploads\/sites\/22\/2022\/02\/WhatsApp-Image-2022-02-16-at-11.01.43-AM-150x150.jpeg 150w, https:\/\/ffyh.unc.edu.ar\/secyt\/wp-content\/uploads\/sites\/22\/2022\/02\/WhatsApp-Image-2022-02-16-at-11.01.43-AM-768x768.jpeg 768w, https:\/\/ffyh.unc.edu.ar\/secyt\/wp-content\/uploads\/sites\/22\/2022\/02\/WhatsApp-Image-2022-02-16-at-11.01.43-AM.jpeg 1080w\" sizes=\"auto, (max-width: 496px) 100vw, 496px\" \/>La Secretar\u00eda de Investigaci\u00f3n, Ciencia y T\u00e9cnica de la FFyH informa que desde el 21 de febrero hasta el 1\u00b0 de abril estar\u00e1 abierta la convocatoria para Becas de Iniciaci\u00f3n en la Investigaci\u00f3n 2022.<\/p>\n<p>La beca tiene por objetivo brindar un incentivo econ\u00f3mico durante 10 meses a estudiantes y egresadxs, con el fin de promover la investigaci\u00f3n cient\u00edfica.<\/p>\n<p>Se destina una Beca por cada Escuela\/Departamento, una al Programa de Derechos Humanos\u00a0 y una para el Programa de G\u00e9nero, Sexualidades y Educaci\u00f3n Sexual Integral. A ellas se suman dos becas para Egresadxs.<\/p>\n<p><b>Requisitos<\/b><\/p>\n<p>\u2013 Ser estudiante avanzadx de una carrera de la FFyH con proyecto de Trabajo Final de Licenciatura o plan de Pr\u00e1ctica Profesional Supervisada aprobado.<\/p>\n<p>\u2013 Ser egresadx de una carrera de Licenciatura de la FFyH, con no m\u00e1s de dos a\u00f1os de antig\u00fcedad, y estar incorporadx o incorporarse en lo inmediato a un equipo de investigaci\u00f3n.<\/p>\n<p>\u2013 Contar con un\/a director\/a docente\/investigador\/a de la FFyH. Si excepcionalmente el Director\/a fuera profesor\/a o investigador\/a de otra Universidad Nacional, se deber\u00e1 contar con un\/a codirector\/a docente o investigador\/a de esta Facultad.<\/p>\n<p>\u2013 No haber tenido con anterioridad una beca para investigaci\u00f3n de cualquier organismo p\u00fablico o privado.<\/p>\n<p>\u2013 Fijar lugar de trabajo en alguno de los centros de investigaci\u00f3n de la FFyH (CIFFyH, IDACOR, IDH, Museo de Antropolog\u00eda).<\/p>\n<p>\u2013 Postular a\u00a0<b>una sola beca<\/b>, ya sea por Escuela, Departamento, Programa de Derechos Humanos o Programa de G\u00e9nero, Sexualidades y Educaci\u00f3n Sexual Integral.<\/p>\n<p>\u2013 Las becas tendr\u00e1n una dedicaci\u00f3n horaria equivalente a un cargo simple (10 horas semanales), una duraci\u00f3n de 10 meses y son incompatibles con otra beca de investigaci\u00f3n para la investigaci\u00f3n de cualquier organismo p\u00fablico o privado.<\/p>\n<p><strong>|\u00a0Resumen de caracter\u00edsticas, destinatarios y requisitos:\u00a0<a href=\"http:\/\/ffyh.unc.edu.ar\/secyt\/wp-content\/uploads\/sites\/22\/2022\/02\/BII-2022-Redes.pdf\" target=\"_blank\" rel=\"noopener\">descargar presentaci\u00f3n<\/a><\/strong><\/p>\n<p><strong>|\u00a0Reglamento:\u00a0<a href=\"http:\/\/ffyh.unc.edu.ar\/secyt\/wp-content\/uploads\/sites\/22\/2018\/12\/Reglamento-Becas-Iniciaci%C3%B3n.pdf\">descargar<\/a>\u2013 Modificaci\u00f3n 2021: Res. HCD FFYH N\u00ba 14:\u00a0<a href=\"http:\/\/ffyh.unc.edu.ar\/secyt\/wp-content\/uploads\/sites\/22\/2021\/03\/RES_14_2021-mod-reglamento-BI.pdf\">descargar<\/a><\/strong><\/p>\n<hr \/>\n<blockquote>\n<h4><strong>Inscripci\u00f3n:<\/strong><\/h4>\n<\/blockquote>\n<ul>\n<li><strong>Presentaci\u00f3n virtual:\u00a0<a href=\"https:\/\/docs.google.com\/forms\/d\/e\/1FAIpQLSd8Fnc08Ks5LNWWzf7TGHNYrXadU9n4s7Y1rjcQaZ2uRP1ZUw\/viewform\" target=\"_blank\" rel=\"noopener noreferrer\">completar formulario<\/a><br \/>\n<\/strong><\/li>\n<\/ul>\n<p>Se deber\u00e1n adjuntar los siguientes archivos:<\/p>\n<ul>\n<li>\n<h4><strong><img loading=\"lazy\" decoding=\"async\" class=\"size-medium wp-image-3175 alignright\" src=\"http:\/\/ffyh.unc.edu.ar\/secyt\/wp-content\/uploads\/sites\/22\/2022\/02\/Logo-BII-2022-solo-misil-300x175.png\" alt=\"\" width=\"300\" height=\"175\" srcset=\"https:\/\/ffyh.unc.edu.ar\/secyt\/wp-content\/uploads\/sites\/22\/2022\/02\/Logo-BII-2022-solo-misil-300x175.png 300w, https:\/\/ffyh.unc.edu.ar\/secyt\/wp-content\/uploads\/sites\/22\/2022\/02\/Logo-BII-2022-solo-misil.png 452w\" sizes=\"auto, (max-width: 300px) 100vw, 300px\" \/><\/strong><\/h4>\n<ul>\n<li>Formulario inscripci\u00f3n: <a href=\"https:\/\/ffyh.unc.edu.ar\/secyt\/wp-content\/uploads\/sites\/22\/2022\/02\/Formulario-Inscripcio\u0301n-Becas-Iniciacion-2022-xCAA.doc\">descargar modelo<\/a><\/li>\n<li>CV postulante: <a href=\"https:\/\/ffyh.unc.edu.ar\/secyt\/wp-content\/uploads\/sites\/22\/2022\/02\/Formato-CV-Postulante-BI-2022-xCAA-1.docx\">descargar modelo<\/a><\/li>\n<li>Comprobantes CV \u2013 Entre ellos se deber\u00e1 contar con el certificado anal\u00edtico firmado por despacho de alumnos. Quien no cuente con dicha certificaci\u00f3n podr\u00e1 solicitarlo (con la mayor anticipaci\u00f3n posible) en el siguiente formulario <a href=\"https:\/\/docs.google.com\/forms\/d\/e\/1FAIpQLSfg9JsU9GPkwDeL9Jhp4DRFfAp4s0HMnr7xnu9dxXq6kpJqeg\/viewform?gxids=7757\" target=\"_blank\" rel=\"noopener\">ingresar<\/a><\/li>\n<li>Proyecto: <a href=\"https:\/\/ffyh.unc.edu.ar\/secyt\/wp-content\/uploads\/sites\/22\/2022\/02\/Formato-Proyecto-BI-2022-xCAA-1.docx\">descargar modelo<\/a><\/li>\n<li>CV Director\/a (SIGEVA o CVAR)<\/li>\n<li>CV Co-Director\/a (SIGEVA o CVAR) solo en caso que corresponda.<\/li>\n<li>Constancia de la aceptaci\u00f3n del\/la directora\/a del equipo de investigaci\u00f3n, justificando la vinculaci\u00f3n del proyecto del postulante con el tema del equipo (<strong>s\u00f3lo para postulantes egresadxs<\/strong>)<\/li>\n<\/ul>\n<\/li>\n<\/ul>\n<hr \/>\n<p><strong>|\u00a0Firmas \u00ablugar de trabajo\u00bb<\/strong><\/p>\n<p><img loading=\"lazy\" decoding=\"async\" class=\"size-medium wp-image-3175 alignright\" src=\"http:\/\/ffyh.unc.edu.ar\/secyt\/wp-content\/uploads\/sites\/22\/2022\/02\/Logo-BII-2022-solo-misil-300x175.png\" alt=\"\" width=\"300\" height=\"175\" srcset=\"https:\/\/ffyh.unc.edu.ar\/secyt\/wp-content\/uploads\/sites\/22\/2022\/02\/Logo-BII-2022-solo-misil-300x175.png 300w, https:\/\/ffyh.unc.edu.ar\/secyt\/wp-content\/uploads\/sites\/22\/2022\/02\/Logo-BII-2022-solo-misil.png 452w\" sizes=\"auto, (max-width: 300px) 100vw, 300px\" \/><\/p>\n<p>&nbsp;<\/p>\n<p>Para gestionar firma del lugar de trabajo seleccionado enviar correo electr\u00f3nico a:<\/p>\n<ul>\n<li><strong>CIFFyH:<\/strong>\u00a0eduardomattio@gmail.com<\/li>\n<li><strong>Museo de Antropolog\u00eda:<\/strong> museo@ffyh.unc.edu.ar<\/li>\n<li><strong>IDH:<\/strong>\u00a0idh.institutodehumanidades@gmail.com<\/li>\n<li><strong>IDACOR<\/strong>: idacor.secretaria@gmail.com<\/li>\n<\/ul>\n<hr \/>\n<p><strong>|\u00a0PREGUNTAS FRECUENTES<\/strong><\/p>\n<p><em><strong>\u00bfSe puede presentar la actuaci\u00f3n acad\u00e9mica que emite el sistema Guaran\u00ed en lugar del Certificado anal\u00edtico?<\/strong><\/em><\/p>\n<p>No, el \u00fanico comprobante v\u00e1lido es el certificado anal\u00edtico emitido por el Despacho de alumnos, que debe tramitarse con tiempo en el siguiente formulario:\u00a0<a href=\"https:\/\/docs.google.com\/forms\/d\/e\/1FAIpQLSfg9JsU9GPkwDeL9Jhp4DRFfAp4s0HMnr7xnu9dxXq6kpJqeg\/viewform?gxids=7757\" target=\"_blank\" rel=\"noopener\">ingresar<\/a><\/p>\n<p><em><strong>\u00bfPara postular como estudiante hay que formar parte de un equipo de investigaci\u00f3n acreditado?<\/strong><\/em><\/p>\n<p>No, si el estudiante integra un equipo de investigaci\u00f3n se valorar\u00e1 como antecedente al momento de otorgar puntaje, pero no es un requisito excluyente (s\u00f3lo es requisito excluyente para los postulantes de la categor\u00eda egresadxs).<\/p>\n<p><em><strong>\u00bfLxs estudiantes tambi\u00e9n deben establecer lugar de trabajo?<\/strong><\/em><\/p>\n<p>Si, todas las categor\u00edas de postulantes deben establecer lugar de trabajo en uno de los centros para investigaci\u00f3n de la FFyH, fijados en el reglamento (deben dirigirse a<\/p>\n<p><img loading=\"lazy\" decoding=\"async\" class=\"size-medium wp-image-3175 alignright\" src=\"http:\/\/ffyh.unc.edu.ar\/secyt\/wp-content\/uploads\/sites\/22\/2022\/02\/Logo-BII-2022-solo-misil-300x175.png\" alt=\"\" width=\"300\" height=\"175\" srcset=\"https:\/\/ffyh.unc.edu.ar\/secyt\/wp-content\/uploads\/sites\/22\/2022\/02\/Logo-BII-2022-solo-misil-300x175.png 300w, https:\/\/ffyh.unc.edu.ar\/secyt\/wp-content\/uploads\/sites\/22\/2022\/02\/Logo-BII-2022-solo-misil.png 452w\" sizes=\"auto, (max-width: 300px) 100vw, 300px\" \/><\/p>\n<p>los correos electr\u00f3nicos indicados arriba para gestionar las firmas correspondientes).<\/p>\n<p>&nbsp;<\/p>\n<p><em><strong>\u00bfC\u00f3mo se certifica la aprobaci\u00f3n del proyecto de TFL o PPS?<\/strong><\/em><\/p>\n<p>Con copia del acta de aprobaci\u00f3n del tribunal evaluador, copia del Acta de Consejo Consultivo donde conste la aprobaci\u00f3n del proyecto o certificaci\u00f3n <em>ad hoc<\/em> emitida por la Escuela o Departamento correspondiente, cualquiera de los documentos debe tener firma y sello institucional (o firma electr\u00f3nica del sistema GDE).<\/p>\n<hr \/>\n<p><b>|\u00a0Consultas<\/b>:<\/p>\n<p>Secretar\u00eda de Investigaci\u00f3n, Ciencia y T\u00e9cnica:\u00a0<a href=\"mailto:secyt@ffyh.unc.edu.ar\">secyt@ffyh.unc.edu.ar<\/a><\/p>\n","protected":false},"excerpt":{"rendered":"<p>La Secretar\u00eda de Investigaci\u00f3n, Ciencia y T\u00e9cnica de la FFyH informa que desde el 21 de febrero hasta el 1\u00b0<\/p>\n","protected":false},"author":8,"featured_media":3156,"comment_status":"closed","ping_status":"closed","sticky":false,"template":"","format":"standard","meta":{"_acf_changed":false,"colormag_page_container_layout":"default_layout","colormag_page_sidebar_layout":"default_layout","footnotes":""},"categories":[1],"tags":[27],"class_list":["post-3155","post","type-post","status-publish","format-standard","has-post-thumbnail","hentry","category-sin-categoria","tag-beca-iniciacion-a-la-investigacion"],"acf":[],"jetpack_featured_media_url":"https:\/\/ffyh.unc.edu.ar\/secyt\/wp-content\/uploads\/sites\/22\/2022\/02\/WhatsApp-Image-2022-02-15-at-10.15.56-AM.jpeg","_links":{"self":[{"href":"https:\/\/ffyh.unc.edu.ar\/secyt\/wp-json\/wp\/v2\/posts\/3155","targetHints":{"allow":["GET"]}}],"collection":[{"href":"https:\/\/ffyh.unc.edu.ar\/secyt\/wp-json\/wp\/v2\/posts"}],"about":[{"href":"https:\/\/ffyh.unc.edu.ar\/secyt\/wp-json\/wp\/v2\/types\/post"}],"author":[{"embeddable":true,"href":"https:\/\/ffyh.unc.edu.ar\/secyt\/wp-json\/wp\/v2\/users\/8"}],"replies":[{"embeddable":true,"href":"https:\/\/ffyh.unc.edu.ar\/secyt\/wp-json\/wp\/v2\/comments?post=3155"}],"version-history":[{"count":10,"href":"https:\/\/ffyh.unc.edu.ar\/secyt\/wp-json\/wp\/v2\/posts\/3155\/revisions"}],"predecessor-version":[{"id":3179,"href":"https:\/\/ffyh.unc.edu.ar\/secyt\/wp-json\/wp\/v2\/posts\/3155\/revisions\/3179"}],"wp:featuredmedia":[{"embeddable":true,"href":"https:\/\/ffyh.unc.edu.ar\/secyt\/wp-json\/wp\/v2\/media\/3156"}],"wp:attachment":[{"href":"https:\/\/ffyh.unc.edu.ar\/secyt\/wp-json\/wp\/v2\/media?parent=3155"}],"wp:term":[{"taxonomy":"category","embeddable":true,"href":"https:\/\/ffyh.unc.edu.ar\/secyt\/wp-json\/wp\/v2\/categories?post=3155"},{"taxonomy":"post_tag","embeddable":true,"href":"https:\/\/ffyh.unc.edu.ar\/secyt\/wp-json\/wp\/v2\/tags?post=3155"}],"curies":[{"name":"wp","href":"https:\/\/api.w.org\/{rel}","templated":true}]}}