{"id":3897,"date":"2024-04-03T15:06:48","date_gmt":"2024-04-03T15:06:48","guid":{"rendered":"https:\/\/ffyh.unc.edu.ar\/secyt\/?p=3897"},"modified":"2024-04-03T15:13:50","modified_gmt":"2024-04-03T15:13:50","slug":"informacion-sobre-subsidios-y-becas-secyt-unc-bases-de-datos-ebsco","status":"publish","type":"post","link":"https:\/\/ffyh.unc.edu.ar\/secyt\/sin-categoria\/informacion-sobre-subsidios-y-becas-secyt-unc-bases-de-datos-ebsco\/","title":{"rendered":"Informaci\u00f3n sobre Subsidios y Becas SECYT UNC + Bases de datos EBSCO"},"content":{"rendered":"<p>El martes 26 de marzo, el Honorable Consejo Superior de la UNC aprob\u00f3 su presupuesto 2024, en consecuencia se confirman decisiones respecto a Subsidios Secyt UNC, Becas Secyt y otros financiamientos. Tambi\u00e9n se informan novedades sobre Bases de datos EBSCO.<!--more--><\/p>\n<p>Para el caso de los <strong><span style=\"color: #000080\">subsidios-Secyt<\/span><\/strong>, como referencia, se inform\u00f3 que los grupos que cuentan con subsidios Consolidar de m\u00e1ximo puntaje recibir\u00e1n alrededor de $500 mil, en funci\u00f3n de los recursos asignados en el presupuesto 2024, que incluyen los remanentes del presupuesto 2023. Los subsidios comenzar\u00e1n a pagarse <strong>a partir del lunes 8 de abril<\/strong>.<\/p>\n<p>Por su parte, se garantizar\u00e1 el compromiso con lxs actuales becarixs. Las <strong><span style=\"color: #000080\">becas de posgrado<\/span><\/strong> que otorga la SeCyT UNC se vinculan a los incrementos de los salarios Docente Universitario establecidos en las paritarias, sin embargo, se estableci\u00f3 que lamentablemente no existen condiciones para asignar las becas correspondientes a la convocatoria realizada en 2023, por lo que se decidi\u00f3 postergar para agosto la evaluaci\u00f3n de las posibilidades de otorgar dichos estipendios.<\/p>\n<p>As\u00ed mismo, se continuar\u00e1 con los apoyos comprometidos para el <strong><span style=\"color: #000080\">Observatorio Social y Cultural para el Desarrollo Sostenible, los PIIDTA Neurociencia e Inteligencia Artificial<\/span><\/strong> y los fondos de contrapartida a los <strong><span style=\"color: #000080\">sistemas nacionales para grandes equipamientos.<\/span><\/strong><\/p>\n<p>Tambi\u00e9n se continuar\u00e1 con las evaluaciones de las convocatorias vigentes (<strong><span style=\"color: #000080\">Grandes Equipos, Equipamientos para Servicios Tecnol\u00f3gicos<\/span><\/strong>), a los fines de contar con un listado de posibles candidatos, por si surgen nuevas oportunidades de financiamientos desde la Subsecretar\u00eda de Ciencia y Tecnolog\u00eda de la Naci\u00f3n, el sistema universitario u otros organismos.<\/p>\n<p>Sin embargo, moment\u00e1neamente <span style=\"color: #000080\"><strong>se suspenden los llamados a apoyos econ\u00f3micos<\/strong><\/span> para publicaciones, viajes al exterior y eventos acad\u00e9micos.<\/p>\n<p>Aprovechamos la oportunidad para comunicar que la Biblioteca \u00ab<a href=\"https:\/\/ffyh.unc.edu.ar\/biblioteca\/\">Elma Kohlmeyer de Estrabou<\/a>\u00bb, Facultad de Filosof\u00eda y Humanidades y Facultad de Psicolog\u00eda de la UNC, informa que se gestionaron los accesos a <strong><span style=\"color: #000080\">bases de datos EBSCO<\/span><\/strong> desde la Rebiunc &#8211; Red de Bibliotecas de la Universidad Nacional de C\u00f3rdoba &#8211; por el per\u00edodo 2024 &#8211; 2025, las cuales pueden ser consultadas por todxs lxs investigadores de la UNC desde cualquier equipo conectado a la red inform\u00e1tica de la instituci\u00f3n, de este modo el acceso ser\u00e1 identificado como Universidad Nacional de C\u00f3rdoba. Si bien algunas de estas bases pueden encontrarse en la Becyt (Subsecretar\u00eda de Ciencia y Tecnolog\u00eda &#8211; ex Mincyt) las adquiridas por la Rebiunc son las versiones completas o premium. Listado de enlaces: <a href=\"https:\/\/docs.google.com\/document\/d\/1totN1ZRY2IQlPrnK3S_-I3fPSw9Rnq3b\/edit?usp=sharing&amp;ouid=116153127319007900951&amp;rtpof=true&amp;sd=true\">ver<\/a>. Por cualquier consulta en relaci\u00f3n a estas bases dirigirse a <a href=\"mailto:comunicabiblio@ffyh.unc.edu.ar\">comunicabiblio@ffyh.unc.edu.ar<\/a> .<\/p>\n","protected":false},"excerpt":{"rendered":"<p>El martes 26 de marzo, el Honorable Consejo Superior de la UNC aprob\u00f3 su presupuesto 2024, en consecuencia se confirman<\/p>\n","protected":false},"author":8,"featured_media":3896,"comment_status":"open","ping_status":"open","sticky":false,"template":"","format":"standard","meta":{"_acf_changed":false,"colormag_page_container_layout":"default_layout","colormag_page_sidebar_layout":"default_layout","footnotes":""},"categories":[1],"tags":[21,16,42,287,56,15],"class_list":["post-3897","post","type-post","status-publish","format-standard","has-post-thumbnail","hentry","category-sin-categoria","tag-apoyos-economicos","tag-becas","tag-becas-secyt","tag-observatorio-social-y-cultural","tag-proyectos-secyt","tag-subsidios"],"acf":[],"jetpack_featured_media_url":"https:\/\/ffyh.unc.edu.ar\/secyt\/wp-content\/uploads\/sites\/22\/2024\/04\/Blue-Bookshelf-Reading-Club-Google-Classroom-Header2.jpg","_links":{"self":[{"href":"https:\/\/ffyh.unc.edu.ar\/secyt\/wp-json\/wp\/v2\/posts\/3897","targetHints":{"allow":["GET"]}}],"collection":[{"href":"https:\/\/ffyh.unc.edu.ar\/secyt\/wp-json\/wp\/v2\/posts"}],"about":[{"href":"https:\/\/ffyh.unc.edu.ar\/secyt\/wp-json\/wp\/v2\/types\/post"}],"author":[{"embeddable":true,"href":"https:\/\/ffyh.unc.edu.ar\/secyt\/wp-json\/wp\/v2\/users\/8"}],"replies":[{"embeddable":true,"href":"https:\/\/ffyh.unc.edu.ar\/secyt\/wp-json\/wp\/v2\/comments?post=3897"}],"version-history":[{"count":4,"href":"https:\/\/ffyh.unc.edu.ar\/secyt\/wp-json\/wp\/v2\/posts\/3897\/revisions"}],"predecessor-version":[{"id":3901,"href":"https:\/\/ffyh.unc.edu.ar\/secyt\/wp-json\/wp\/v2\/posts\/3897\/revisions\/3901"}],"wp:featuredmedia":[{"embeddable":true,"href":"https:\/\/ffyh.unc.edu.ar\/secyt\/wp-json\/wp\/v2\/media\/3896"}],"wp:attachment":[{"href":"https:\/\/ffyh.unc.edu.ar\/secyt\/wp-json\/wp\/v2\/media?parent=3897"}],"wp:term":[{"taxonomy":"category","embeddable":true,"href":"https:\/\/ffyh.unc.edu.ar\/secyt\/wp-json\/wp\/v2\/categories?post=3897"},{"taxonomy":"post_tag","embeddable":true,"href":"https:\/\/ffyh.unc.edu.ar\/secyt\/wp-json\/wp\/v2\/tags?post=3897"}],"curies":[{"name":"wp","href":"https:\/\/api.w.org\/{rel}","templated":true}]}}