{"id":5295,"date":"2025-07-09T17:21:54","date_gmt":"2025-07-09T17:21:54","guid":{"rendered":"https:\/\/ffyh.unc.edu.ar\/secyt\/?p=5295"},"modified":"2025-09-26T15:33:04","modified_gmt":"2025-09-26T15:33:04","slug":"pronunciamiento-del-consejo-asesor-de-ciencia-y-tecnica-ffyh-sobre-el-decreto-447-25","status":"publish","type":"post","link":"https:\/\/ffyh.unc.edu.ar\/secyt\/sin-categoria\/pronunciamiento-del-consejo-asesor-de-ciencia-y-tecnica-ffyh-sobre-el-decreto-447-25\/","title":{"rendered":"PRONUNCIAMIENTO DEL CONSEJO ASESOR DE CIENCIA Y T\u00c9CNICA FFYH SOBRE EL DECRETO 447\/25"},"content":{"rendered":"<p><span style=\"font-weight: 400\">El Consejo Asesor de Ciencia y T\u00e9cnica de la Facultad de Filosof\u00eda y Humanidades repudia el Decreto 447\/2025 del Poder Ejecutivo Nacional.<\/span><!--more--><\/p>\n<p><span style=\"font-weight: 400\">El Consejo Asesor de Ciencia y T\u00e9cnica de la Facultad de Filosof\u00eda y Humanidades, Universidad Nacional de C\u00f3rdoba, integrado por\u00a0 el Centro de Investigaciones \u00abMar\u00eda Saleme de Burnichon\u00bb (CIFFyH), el Museo de Antropolog\u00edas, el Instituto de Humanidades (IDH), el Instituto de Antropolog\u00eda de C\u00f3rdoba (IDACOR) y la Secretar\u00eda de Investigaci\u00f3n, Ciencia y T\u00e9cnica (SEICYT), repudia el Decreto 447\/2025 del Poder Ejecutivo Nacional, que profundiza el ataque al sistema cient\u00edfico y universitario por parte del gobierno nacional al mismo tiempo que implica avanzar en los objetivos de limitar y condicionar la investigaci\u00f3n y la reflexi\u00f3n en el campo de las Humanidades, las Ciencias Sociales y las Artes.<\/span><\/p>\n<p><span style=\"font-weight: 400\">El decreto 447\/2025 reestructura la Agencia Nacional de Promoci\u00f3n de la Investigaci\u00f3n, el Desarrollo Tecnol\u00f3gico y la Innovaci\u00f3n (Agencia I+D+i) otorgando la potestad de elegir sus autoridades al Poder Ejecutivo Nacional. El objetivo de la medida es la intervenci\u00f3n del gobierno en el organismo, el desfinanciamiento de la investigaci\u00f3n, el desarrollo y la innovaci\u00f3n y la desarticulaci\u00f3n a largo plazo de las instituciones que lo promueven, junto con su autonom\u00eda.<\/span><\/p>\n<p><span style=\"font-weight: 400\">Esta pol\u00edtica que el gobierno ha llevado adelante respecto de los organismos descentralizados y aut\u00e1rquicos como la Agencia, el Instituto Nacional de Tecnolog\u00eda Industrial (INTI), el Instituto Nacional de Tecnolog\u00eda Agropecuaria (INTA), etc., es a\u00fan m\u00e1s preocupante, ya que podr\u00eda ser replicada en el Consejo Nacional de Investigaciones Cient\u00edficas y T\u00e9cnicas (CONICET) y en otras instituciones destinadas a la investigaci\u00f3n cient\u00edfica, con el objetivo de intervenir su funcionamiento, restringir la autonom\u00eda de la producci\u00f3n cient\u00edfica, instaurar mecanismos de censura en las agendas de investigaci\u00f3n, en un marco general ya sumamente degradado por el recorte presupuestario y la disminuci\u00f3n de las becas e ingresos a carrera de investigador\/a; lo cual perjudicar\u00eda de manera m\u00e1s profunda al gran campo de las Humanidades y Ciencias Sociales que vienen sufriendo una fuerte campa\u00f1a de deslegitimaci\u00f3n. En tiempos de deslegitimaci\u00f3n y recorte, reafirmamos la necesidad de defender el car\u00e1cter p\u00fablico, aut\u00f3nomo y plural del sistema cient\u00edfico, y de rechazar toda forma de censura o intervenci\u00f3n que atente contra el derecho a producir conocimiento libremente.<\/span><\/p>\n<p><img loading=\"lazy\" decoding=\"async\" class=\"alignnone size-full wp-image-5296\" src=\"http:\/\/ffyh.unc.edu.ar\/secyt\/wp-content\/uploads\/sites\/22\/2025\/07\/WhatsApp-Image-2025-07-09-at-2.03.24-PM.jpeg\" alt=\"\" width=\"1080\" height=\"1350\" srcset=\"https:\/\/ffyh.unc.edu.ar\/secyt\/wp-content\/uploads\/sites\/22\/2025\/07\/WhatsApp-Image-2025-07-09-at-2.03.24-PM.jpeg 1080w, https:\/\/ffyh.unc.edu.ar\/secyt\/wp-content\/uploads\/sites\/22\/2025\/07\/WhatsApp-Image-2025-07-09-at-2.03.24-PM-240x300.jpeg 240w, https:\/\/ffyh.unc.edu.ar\/secyt\/wp-content\/uploads\/sites\/22\/2025\/07\/WhatsApp-Image-2025-07-09-at-2.03.24-PM-819x1024.jpeg 819w, https:\/\/ffyh.unc.edu.ar\/secyt\/wp-content\/uploads\/sites\/22\/2025\/07\/WhatsApp-Image-2025-07-09-at-2.03.24-PM-768x960.jpeg 768w\" sizes=\"auto, (max-width: 1080px) 100vw, 1080px\" \/><\/p>\n","protected":false},"excerpt":{"rendered":"<p>El Consejo Asesor de Ciencia y T\u00e9cnica de la Facultad de Filosof\u00eda y Humanidades repudia el Decreto 447\/2025 del Poder<\/p>\n","protected":false},"author":8,"featured_media":5296,"comment_status":"closed","ping_status":"closed","sticky":false,"template":"","format":"standard","meta":{"_acf_changed":false,"colormag_page_container_layout":"default_layout","colormag_page_sidebar_layout":"default_layout","footnotes":""},"categories":[1],"tags":[],"class_list":["post-5295","post","type-post","status-publish","format-standard","has-post-thumbnail","hentry","category-sin-categoria"],"acf":[],"jetpack_featured_media_url":"https:\/\/ffyh.unc.edu.ar\/secyt\/wp-content\/uploads\/sites\/22\/2025\/07\/WhatsApp-Image-2025-07-09-at-2.03.24-PM.jpeg","_links":{"self":[{"href":"https:\/\/ffyh.unc.edu.ar\/secyt\/wp-json\/wp\/v2\/posts\/5295","targetHints":{"allow":["GET"]}}],"collection":[{"href":"https:\/\/ffyh.unc.edu.ar\/secyt\/wp-json\/wp\/v2\/posts"}],"about":[{"href":"https:\/\/ffyh.unc.edu.ar\/secyt\/wp-json\/wp\/v2\/types\/post"}],"author":[{"embeddable":true,"href":"https:\/\/ffyh.unc.edu.ar\/secyt\/wp-json\/wp\/v2\/users\/8"}],"replies":[{"embeddable":true,"href":"https:\/\/ffyh.unc.edu.ar\/secyt\/wp-json\/wp\/v2\/comments?post=5295"}],"version-history":[{"count":2,"href":"https:\/\/ffyh.unc.edu.ar\/secyt\/wp-json\/wp\/v2\/posts\/5295\/revisions"}],"predecessor-version":[{"id":5298,"href":"https:\/\/ffyh.unc.edu.ar\/secyt\/wp-json\/wp\/v2\/posts\/5295\/revisions\/5298"}],"wp:featuredmedia":[{"embeddable":true,"href":"https:\/\/ffyh.unc.edu.ar\/secyt\/wp-json\/wp\/v2\/media\/5296"}],"wp:attachment":[{"href":"https:\/\/ffyh.unc.edu.ar\/secyt\/wp-json\/wp\/v2\/media?parent=5295"}],"wp:term":[{"taxonomy":"category","embeddable":true,"href":"https:\/\/ffyh.unc.edu.ar\/secyt\/wp-json\/wp\/v2\/categories?post=5295"},{"taxonomy":"post_tag","embeddable":true,"href":"https:\/\/ffyh.unc.edu.ar\/secyt\/wp-json\/wp\/v2\/tags?post=5295"}],"curies":[{"name":"wp","href":"https:\/\/api.w.org\/{rel}","templated":true}]}}