{"id":5318,"date":"2025-07-31T14:46:28","date_gmt":"2025-07-31T14:46:28","guid":{"rendered":"https:\/\/ffyh.unc.edu.ar\/secyt\/?p=5318"},"modified":"2025-09-26T15:32:57","modified_gmt":"2025-09-26T15:32:57","slug":"revista-sintesis-17-ediciones-de-investigacion-emergente","status":"publish","type":"post","link":"https:\/\/ffyh.unc.edu.ar\/secyt\/sin-categoria\/revista-sintesis-17-ediciones-de-investigacion-emergente\/","title":{"rendered":"Revista S\u00edntesis: 17 ediciones de investigaci\u00f3n emergente"},"content":{"rendered":"<p>Desde su creaci\u00f3n en 2008, la revista\u00a0<strong>S\u00edntesis<\/strong>\u00a0se consolid\u00f3 como un espacio para difundir las investigaciones desarrolladas por egresados y egresadas de la Facultad de Filosof\u00eda y Humanidades de la Universidad Nacional de C\u00f3rdoba. A trav\u00e9s de sus 17 ediciones, ha publicado\u00a0<strong>260 art\u00edculos<\/strong>\u00a0evaluados por\u00a0<strong>209 especialistas de diversas disciplinas<\/strong>, fortaleciendo el di\u00e1logo entre campos de conocimiento y generando un archivo vivo de las producciones surgidas en el \u00e1mbito acad\u00e9mico local.<\/p>\n<p><img loading=\"lazy\" decoding=\"async\" class=\"alignright wp-image-5316 size-medium\" src=\"http:\/\/ffyh.unc.edu.ar\/secyt\/wp-content\/uploads\/sites\/22\/2025\/07\/output-300x178.png\" alt=\"\" width=\"300\" height=\"178\" srcset=\"https:\/\/ffyh.unc.edu.ar\/secyt\/wp-content\/uploads\/sites\/22\/2025\/07\/output-300x178.png 300w, https:\/\/ffyh.unc.edu.ar\/secyt\/wp-content\/uploads\/sites\/22\/2025\/07\/output-1024x609.png 1024w, https:\/\/ffyh.unc.edu.ar\/secyt\/wp-content\/uploads\/sites\/22\/2025\/07\/output-768x457.png 768w, https:\/\/ffyh.unc.edu.ar\/secyt\/wp-content\/uploads\/sites\/22\/2025\/07\/output-1536x914.png 1536w, https:\/\/ffyh.unc.edu.ar\/secyt\/wp-content\/uploads\/sites\/22\/2025\/07\/output-1320x785.png 1320w, https:\/\/ffyh.unc.edu.ar\/secyt\/wp-content\/uploads\/sites\/22\/2025\/07\/output.png 1984w\" sizes=\"auto, (max-width: 300px) 100vw, 300px\" \/><\/p>\n<p>&nbsp;<\/p>\n<p>La diversidad ha sido una marca distintiva de la publicaci\u00f3n. En sus p\u00e1ginas conviven estudios de\u00a0<strong>antropolog\u00eda, archivolog\u00eda, bibliotecolog\u00eda, ciencias de la educaci\u00f3n, filosof\u00eda, geograf\u00eda, historia, letras y artes<\/strong>. A lo largo del tiempo, la revista ha mantenido un perfil interdisciplinar, incorporando problem\u00e1ticas contempor\u00e1neas sin perder el anclaje en los debates te\u00f3ricos y metodol\u00f3gicos de cada campo.<\/p>\n<p>Los art\u00edculos del\u00a0<strong>n\u00famero 17<\/strong>\u00a0exploran etnograf\u00edas regionales, discursos de poder y resistencia, pr\u00e1cticas educativas, redes sindicales, lenguajes que atraviesan los cuerpos y producciones art\u00edsticas locales. Cada trabajo aporta una mirada situada, construida desde la experiencia y el compromiso con las realidades que investiga.<\/p>\n<p><img loading=\"lazy\" decoding=\"async\" class=\"alignright wp-image-5317 size-medium\" src=\"http:\/\/ffyh.unc.edu.ar\/secyt\/wp-content\/uploads\/sites\/22\/2025\/07\/output-1-300x169.png\" alt=\"\" width=\"300\" height=\"169\" srcset=\"https:\/\/ffyh.unc.edu.ar\/secyt\/wp-content\/uploads\/sites\/22\/2025\/07\/output-1-300x169.png 300w, https:\/\/ffyh.unc.edu.ar\/secyt\/wp-content\/uploads\/sites\/22\/2025\/07\/output-1-1024x578.png 1024w, https:\/\/ffyh.unc.edu.ar\/secyt\/wp-content\/uploads\/sites\/22\/2025\/07\/output-1-768x434.png 768w, https:\/\/ffyh.unc.edu.ar\/secyt\/wp-content\/uploads\/sites\/22\/2025\/07\/output-1-1320x746.png 1320w, https:\/\/ffyh.unc.edu.ar\/secyt\/wp-content\/uploads\/sites\/22\/2025\/07\/output-1.png 1381w\" sizes=\"auto, (max-width: 300px) 100vw, 300px\" \/><\/p>\n<p>&nbsp;<\/p>\n<p>Con cada publicaci\u00f3n,\u00a0<strong>S\u00edntesis<\/strong> reafirma su prop\u00f3sito: ser una plataforma de visibilidad para quienes inician su recorrido en la investigaci\u00f3n y, al mismo tiempo, un aporte sustantivo al conocimiento colectivo. Esta nueva edici\u00f3n invita, una vez m\u00e1s, a descubrir voces j\u00f3venes, enfoques innovadores y temas que interpelan nuestro presente desde nuestra Facultad.<\/p>\n<p>&nbsp;<\/p>\n<hr \/>\n<h3><img decoding=\"async\" class=\"an1 CToWUd\" src=\"https:\/\/fonts.gstatic.com\/s\/e\/notoemoji\/16.0\/1f4e2\/32.png\" alt=\"\ud83d\udce2\" data-emoji=\"\ud83d\udce2\" aria-label=\"\ud83d\udce2\" data-bit=\"iit\" \/>\u00a0\u00a1Ya est\u00e1 disponible el nuevo n\u00famero de S\u00edntesis (N\u00b0 17)!<img loading=\"lazy\" decoding=\"async\" class=\"alignright wp-image-4959 size-thumbnail\" src=\"http:\/\/ffyh.unc.edu.ar\/secyt\/wp-content\/uploads\/sites\/22\/2024\/11\/Diseno-sin-titulo1-150x150.gif\" alt=\"\" width=\"150\" height=\"150\" \/><\/h3>\n<p>\ud83d\udd17 Le\u00e9 el n\u00famero completo aqu\u00ed: <a href=\"https:\/\/revistas.unc.edu.ar\/index.php\/sintesis\/index\">https:\/\/revistas.unc.edu.ar\/index.php\/sintesis\/index<\/a><\/p>\n","protected":false},"excerpt":{"rendered":"<p>Desde su creaci\u00f3n en 2008, la revista\u00a0S\u00edntesis\u00a0se consolid\u00f3 como un espacio para difundir las investigaciones desarrolladas por egresados y egresadas<\/p>\n","protected":false},"author":8,"featured_media":5319,"comment_status":"closed","ping_status":"closed","sticky":false,"template":"","format":"standard","meta":{"_acf_changed":false,"colormag_page_container_layout":"default_layout","colormag_page_sidebar_layout":"default_layout","footnotes":""},"categories":[1],"tags":[34],"class_list":["post-5318","post","type-post","status-publish","format-standard","has-post-thumbnail","hentry","category-sin-categoria","tag-revista-sintesis"],"acf":[],"jetpack_featured_media_url":"https:\/\/ffyh.unc.edu.ar\/secyt\/wp-content\/uploads\/sites\/22\/2025\/07\/Texto-Sitio-web-1.jpg","_links":{"self":[{"href":"https:\/\/ffyh.unc.edu.ar\/secyt\/wp-json\/wp\/v2\/posts\/5318","targetHints":{"allow":["GET"]}}],"collection":[{"href":"https:\/\/ffyh.unc.edu.ar\/secyt\/wp-json\/wp\/v2\/posts"}],"about":[{"href":"https:\/\/ffyh.unc.edu.ar\/secyt\/wp-json\/wp\/v2\/types\/post"}],"author":[{"embeddable":true,"href":"https:\/\/ffyh.unc.edu.ar\/secyt\/wp-json\/wp\/v2\/users\/8"}],"replies":[{"embeddable":true,"href":"https:\/\/ffyh.unc.edu.ar\/secyt\/wp-json\/wp\/v2\/comments?post=5318"}],"version-history":[{"count":1,"href":"https:\/\/ffyh.unc.edu.ar\/secyt\/wp-json\/wp\/v2\/posts\/5318\/revisions"}],"predecessor-version":[{"id":5320,"href":"https:\/\/ffyh.unc.edu.ar\/secyt\/wp-json\/wp\/v2\/posts\/5318\/revisions\/5320"}],"wp:featuredmedia":[{"embeddable":true,"href":"https:\/\/ffyh.unc.edu.ar\/secyt\/wp-json\/wp\/v2\/media\/5319"}],"wp:attachment":[{"href":"https:\/\/ffyh.unc.edu.ar\/secyt\/wp-json\/wp\/v2\/media?parent=5318"}],"wp:term":[{"taxonomy":"category","embeddable":true,"href":"https:\/\/ffyh.unc.edu.ar\/secyt\/wp-json\/wp\/v2\/categories?post=5318"},{"taxonomy":"post_tag","embeddable":true,"href":"https:\/\/ffyh.unc.edu.ar\/secyt\/wp-json\/wp\/v2\/tags?post=5318"}],"curies":[{"name":"wp","href":"https:\/\/api.w.org\/{rel}","templated":true}]}}