{"id":5336,"date":"2025-08-18T16:33:55","date_gmt":"2025-08-18T16:33:55","guid":{"rendered":"https:\/\/ffyh.unc.edu.ar\/secyt\/?p=5336"},"modified":"2025-09-26T15:32:45","modified_gmt":"2025-09-26T15:32:45","slug":"crisis-de-investigacion-en-ciencias-sociales-y-humanas","status":"publish","type":"post","link":"https:\/\/ffyh.unc.edu.ar\/secyt\/sin-categoria\/crisis-de-investigacion-en-ciencias-sociales-y-humanas\/","title":{"rendered":"Crisis de investigaci\u00f3n en Ciencias Sociales y Humanas"},"content":{"rendered":"<p><span style=\"font-weight: 400\">El Gobierno Nacional est\u00e1 llevando a cabo una tarea de deslegitimaci\u00f3n, persecuci\u00f3n y destrucci\u00f3n de l\u00edneas de soporte vital de proyectos en curso, a lo que suma una serie de decisiones recientes que profundizan el desprecio a una enorme cantidad de investigadores formados y especialmente aquellos que vienen apostando desde hace tiempo por las v\u00edas tradicionalmente sostenidas para iniciarse en las investigaciones.<br \/>\nEs por esto que desde la SEICyT-FFyH queremos mantenerlos informados sobre algunas de estas decisiones recientes, invitando a que se sumen a los distintos llamados de expresi\u00f3n de rechazo a las pol\u00edticas de vaciamiento e invisibilizaci\u00f3n de la crisis a la que se est\u00e1 sometiendo a los sistemas universitarios y cient\u00edfico-tecnol\u00f3gicos.<\/span><\/p>\n<p><!--more--><\/p>\n<p><span style=\"font-weight: 400\">\u2013 <\/span><a href=\"https:\/\/raicyt.org.ar\/es\/\"><span style=\"font-weight: 400\">RAYCyT <\/span><\/a><span style=\"font-weight: 400\">se ha expresado sobre lo acontecido en la reuni\u00f3n de Directorio de CONICET del d\u00eda 12 de agosto, remarcando como \u201cinaceptable desde todo criterio cient\u00edfico internacional que algunos miembros del Directorio hayan propuesto no otorgar vacantes al \u00e1rea de Ciencias Sociales y Humanidades, con el af\u00e1n de destruir el equilibrio disciplinar hist\u00f3rico del CONICET\u201d que no s\u00f3lo pone en riesgo el prestigio de la Instituci\u00f3n sino innumerables carreras de investigaci\u00f3n vigentes y futuras. Invitamos a leer el comunicado completo y firmar en su apoyo, remarcando que no es necesario estar vinculado al CONICET para hacerlo en este enlace:<\/span> <a href=\"https:\/\/forms.gle\/iLePfbgLZifHvXSz5\"><span style=\"font-weight: 400\">https:\/\/forms.gle\/iLePfbgLZifHvXSz5<\/span><\/a><\/p>\n<p><span style=\"font-weight: 400\">\u2013 <\/span><a href=\"https:\/\/anfhe.org.ar\/\"><span style=\"font-weight: 400\">ANFHE <\/span><\/a><span style=\"font-weight: 400\">ha demostrado su solidaridad frente a lo acontecido a trav\u00e9s de un comunicado disponible en<\/span> <a href=\"https:\/\/www.instagram.com\/p\/DNa86YJuB5j\/\"><span style=\"font-weight: 400\">https:\/\/www.instagram.com\/p\/DNa86YJuB5j\/<\/span><\/a><\/p>\n<p><span style=\"font-weight: 400\">\u2013 Por otra parte, la convocatoria de <\/span><a href=\"http:\/\/convocatorias.conicet.gov.ar\/convocatoria-2025\/\"><span style=\"font-weight: 400\">Temas Generales de Becas Doctorales 2025<\/span><\/a><span style=\"font-weight: 400\"> de CONICET ha sufrido una profunda transformaci\u00f3n siendo ahora el 70% de los proyectos evaluados con respecto a una serie de criterios y \u00e1reas de inter\u00e9s \u201cque fuera elaborado teniendo en cuenta los sectores econ\u00f3micos estrat\u00e9gicos del pa\u00eds y las \u00e1reas del conocimiento que \u00e9ste Consejo Nacional propone impulsar\u201d, que va en desmedro de la investigaci\u00f3n en Humanidades y Ciencias Sociales.<\/span> <a href=\"https:\/\/convocatorias.conicet.gov.ar\/wp-content\/uploads\/sites\/3\/publico\/convocatoria-becas-2025\/becas-2025\/Temas-priorizados-Becas-2025_a819d9a467b6ba1dd9.pdf\"><span style=\"font-weight: 400\">La lista de temas considerados como prioritarios se puede consultar aqu\u00ed.\u00a0<\/span><\/a><\/p>\n<p>&nbsp;<\/p>\n<p><span style=\"font-weight: 400\">Repercusi\u00f3n en medios informativos:<\/span><\/p>\n<ul>\n<li style=\"font-weight: 400\"><a href=\"https:\/\/www.pagina12.com.ar\/850098-que-nadie-sepa-que-las-ciencias-sociales-existen\"><span style=\"font-weight: 400\">Que nadie sepa que las ciencias sociales existen | El Conicet firm\u00f3 un convenio con la Escuela de Frankfurt y no quiere difundir la noticia | P\u00e1gina|12<\/span> <\/a><\/li>\n<li style=\"font-weight: 400\"><a href=\"https:\/\/www.pausa.com.ar\/2025\/08\/conicet-propuesta-no-ingresen-mas-investigadores-de-ciencias-sociales\/\"><span style=\"font-weight: 400\">El presidente del Conicet apoy\u00f3 una propuesta para que no ingresen m\u00e1s investigadores de Ciencias Sociales &#8211; Pausa<\/span><\/a><\/li>\n<\/ul>\n","protected":false},"excerpt":{"rendered":"<p>El Gobierno Nacional est\u00e1 llevando a cabo una tarea de deslegitimaci\u00f3n, persecuci\u00f3n y destrucci\u00f3n de l\u00edneas de soporte vital de<\/p>\n","protected":false},"author":8,"featured_media":5340,"comment_status":"closed","ping_status":"closed","sticky":false,"template":"","format":"standard","meta":{"_acf_changed":false,"colormag_page_container_layout":"default_layout","colormag_page_sidebar_layout":"default_layout","footnotes":""},"categories":[1],"tags":[18,350,349],"class_list":["post-5336","post","type-post","status-publish","format-standard","has-post-thumbnail","hentry","category-sin-categoria","tag-conicet","tag-crisis","tag-investigacion"],"acf":[],"jetpack_featured_media_url":"https:\/\/ffyh.unc.edu.ar\/secyt\/wp-content\/uploads\/sites\/22\/2025\/08\/Crisis-de-investigacion-en-Ciencias-Sociales-y-Humanas.jpg","_links":{"self":[{"href":"https:\/\/ffyh.unc.edu.ar\/secyt\/wp-json\/wp\/v2\/posts\/5336","targetHints":{"allow":["GET"]}}],"collection":[{"href":"https:\/\/ffyh.unc.edu.ar\/secyt\/wp-json\/wp\/v2\/posts"}],"about":[{"href":"https:\/\/ffyh.unc.edu.ar\/secyt\/wp-json\/wp\/v2\/types\/post"}],"author":[{"embeddable":true,"href":"https:\/\/ffyh.unc.edu.ar\/secyt\/wp-json\/wp\/v2\/users\/8"}],"replies":[{"embeddable":true,"href":"https:\/\/ffyh.unc.edu.ar\/secyt\/wp-json\/wp\/v2\/comments?post=5336"}],"version-history":[{"count":4,"href":"https:\/\/ffyh.unc.edu.ar\/secyt\/wp-json\/wp\/v2\/posts\/5336\/revisions"}],"predecessor-version":[{"id":5341,"href":"https:\/\/ffyh.unc.edu.ar\/secyt\/wp-json\/wp\/v2\/posts\/5336\/revisions\/5341"}],"wp:featuredmedia":[{"embeddable":true,"href":"https:\/\/ffyh.unc.edu.ar\/secyt\/wp-json\/wp\/v2\/media\/5340"}],"wp:attachment":[{"href":"https:\/\/ffyh.unc.edu.ar\/secyt\/wp-json\/wp\/v2\/media?parent=5336"}],"wp:term":[{"taxonomy":"category","embeddable":true,"href":"https:\/\/ffyh.unc.edu.ar\/secyt\/wp-json\/wp\/v2\/categories?post=5336"},{"taxonomy":"post_tag","embeddable":true,"href":"https:\/\/ffyh.unc.edu.ar\/secyt\/wp-json\/wp\/v2\/tags?post=5336"}],"curies":[{"name":"wp","href":"https:\/\/api.w.org\/{rel}","templated":true}]}}