{"id":5409,"date":"2025-09-22T16:30:56","date_gmt":"2025-09-22T16:30:56","guid":{"rendered":"https:\/\/ffyh.unc.edu.ar\/secyt\/?p=5409"},"modified":"2025-10-20T17:33:29","modified_gmt":"2025-10-20T17:33:29","slug":"becas-de-iniciacion-en-la-investigacion-convocatoria-2025","status":"publish","type":"post","link":"https:\/\/ffyh.unc.edu.ar\/secyt\/convocatorias\/becas-de-iniciacion-en-la-investigacion-convocatoria-2025\/","title":{"rendered":"Becas de Iniciaci\u00f3n en la Investigaci\u00f3n | Convocatoria 2025"},"content":{"rendered":"<p><span style=\"font-weight: 400\">Desde el <\/span><b>22 de septiembre<\/b><span style=\"font-weight: 400\"> al <\/span><b>24 de octubre<\/b><span style=\"font-weight: 400\">\u00a0abierta la convocatoria para Becas de Iniciaci\u00f3n en la Investigaci\u00f3n 2025.<\/span><!--more--><\/p>\n<p><span style=\"font-weight: 400\">La beca tiene por objetivo brindar un incentivo econ\u00f3mico durante <\/span><b>10 meses<\/b><span style=\"font-weight: 400\"> a estudiantes y egresades recientes, con el fin de promover la investigaci\u00f3n cient\u00edfica.<\/span><\/p>\n<p><span style=\"font-weight: 400\">Se destina <\/span><b>una beca para estudiantes<\/b><span style=\"font-weight: 400\"> por cada Escuela\/Departamento, una al Programa de Derechos Humanos\u00a0 y una para el Programa de G\u00e9nero, Sexualidades y Educaci\u00f3n Sexual Integral. A ellas se suman<\/span><b> dos becas para egresades<\/b><span style=\"font-weight: 400\">.<\/span><\/p>\n<p><span style=\"font-weight: 400\">Las becas tendr\u00e1n una dedicaci\u00f3n horaria equivalente a un cargo simple (10 horas semanales), una duraci\u00f3n de 10 meses. Son incompatibles con otra beca de investigaci\u00f3n de cualquier organismo p\u00fablico o privado.<\/span><\/p>\n<p><span style=\"font-weight: 400\">Para conocer los objetivos, obligaciones y criterios de evaluaci\u00f3n ver:<\/span><\/p>\n<p><span style=\"font-weight: 400\">| Reglamento: <\/span><a href=\"http:\/\/ffyh.unc.edu.ar\/secyt\/wp-content\/uploads\/sites\/22\/2018\/12\/Reglamento-Becas-Iniciaci%C3%B3n.pdf\"><b>descargar<\/b><\/a><span style=\"font-weight: 400\">\u2013 Modificaci\u00f3n 2021: Res. HCD FFYH N\u00ba 14: <\/span><a href=\"http:\/\/ffyh.unc.edu.ar\/secyt\/wp-content\/uploads\/sites\/22\/2021\/03\/RES_14_2021-mod-reglamento-BI.pdf\"><b>descargar<\/b><\/a><\/p>\n<p><span style=\"font-weight: 400\">| <a href=\"http:\/\/ffyh.unc.edu.ar\/secyt\/wp-content\/uploads\/sites\/22\/2025\/09\/Charla-convocatoria-Becas-de-Iniciacion-2025.pptx.pdf\">Infograma<\/a><\/span><\/p>\n<hr \/>\n<h3><strong><span style=\"color: #097031;font-family: georgia, palatino, serif\">REQUISITOS<\/span><\/strong><\/h3>\n<ul>\n<li style=\"font-weight: 400\"><span style=\"font-weight: 400\">Ser estudiante avanzade de una carrera de la FFyH <\/span><b>con proyecto de Trabajo Final de Licenciatura o plan de Pr\u00e1ctica Profesional Supervisada aprobado.<br \/>\no<br \/>\n<\/b>Ser egresade reciente de una carrera de Licenciatura de la FFyH (no m\u00e1s de dos a\u00f1os antes de la postulaci\u00f3n) y estar incorporade o incorporarse en lo inmediato a un equipo de investigaci\u00f3n acreditado.<\/li>\n<li style=\"font-weight: 400\"><span style=\"font-weight: 400\">Contar con un\/a director\/a docente\/investigador\/a de la FFyH. Si, excepcionalmente, el Director\/a fuera profesor\/a o investigador\/a de otra Universidad Nacional, se deber\u00e1 contar con un\/a co-director\/a docente o investigador\/a de esta Facultad.<\/span><\/li>\n<li style=\"font-weight: 400\"><span style=\"font-weight: 400\">No haber tenido con anterioridad una beca para investigaci\u00f3n de cualquier organismo p\u00fablico o privado.<\/span><\/li>\n<li style=\"font-weight: 400\"><span style=\"font-weight: 400\">Fijar lugar de trabajo en alguno de los centros de investigaci\u00f3n de la FFyH (CIFFyH, IDACOR, IDH, Museo de Antropolog\u00eda).<\/span><\/li>\n<li style=\"font-weight: 400\"><span style=\"font-weight: 400\"><span style=\"font-weight: 400\">Postular a una sola beca, ya sea por Escuela, Departamento, Programa de Derechos Humanos o Programa de G\u00e9nero, Sexualidades y Educaci\u00f3n Sexual Integral.<br \/>\n<\/span><\/span><\/li>\n<\/ul>\n<hr \/>\n<h3><span style=\"color: #097031\"><strong><span style=\"font-family: georgia, palatino, serif\">INSCRIPCI\u00d3N<\/span><\/strong><br \/>\n<\/span><\/h3>\n<p><span style=\"font-weight: 400\">La postulaci\u00f3n a la Beca de Iniciaci\u00f3n 2025 se realiza de manera virtual, completando el siguiente <\/span><a href=\"https:\/\/docs.google.com\/forms\/d\/1RbgYfA-Ab9O4ka9jSZbGe8QrVmGZeXEqu2uCiQKABk4\/edit\"><b>FORMULARIO. <\/b><\/a><span style=\"font-weight: 400\">All\u00ed, deber\u00e1n adjuntar los siguientes archivos:<\/span><b><\/b><\/p>\n<p><b><span style=\"color: #097031\">1.Formulario de inscripci\u00f3n<\/span> <\/b>(<a href=\"https:\/\/docs.google.com\/document\/d\/12hdXIUKAUmiXkxCCFWFp8shslcRLIxbu\/copy?usp=sharing&amp;ouid=116153127319007900951&amp;rtpof=true&amp;sd=true\">descargar modelo<\/a>)<\/p>\n<p style=\"padding-left: 40px\"><span style=\"font-weight: 400\">En donde se consigna:<\/span><span style=\"font-weight: 400\"><br \/>\n<\/span><span style=\"font-weight: 400\">(i) Firma de postulante<\/span><span style=\"font-weight: 400\"><br \/>\n<\/span><span style=\"font-weight: 400\">(ii) Firma de director de la beca y co-director (en caso de que corresponda)<br \/>\n<\/span><span style=\"font-weight: 400\">(iii) Firma de lugar de trabajo\u00a0<\/span><\/p>\n<p style=\"padding-left: 40px\"><span style=\"font-weight: 400\">Para gestionar firma del lugar de trabajo seleccionado enviar el formulario de inscripci\u00f3n completo por correo electr\u00f3nico seg\u00fan corresponda:\u00a0<\/span><\/p>\n<p style=\"padding-left: 40px\"><b>CIFFyH<\/b><span style=\"font-weight: 400\">:tecnicaciffyh@ffyh.unc.edu.ar<br \/>\n<\/span><b>Museo de Antropolog\u00eda<\/b><span style=\"font-weight: 400\">:museo@ffyh.unc.edu.ar<br \/>\n<\/span><b>IDH<\/b><span style=\"font-weight: 400\">:idh.institutodehumanidades@gmail.com<br \/>\n<\/span><b>IDACOR<\/b><span style=\"font-weight: 400\">: idacor.secretaria@gmail.com<\/span><\/p>\n<p><span style=\"color: #097031\"><b>2. CV Postulante<\/b><\/span><span style=\"font-weight: 400\"> (<\/span><a href=\"https:\/\/docs.google.com\/document\/d\/1BhJtr53Hklc_z23pSOz-dA6ETAS93s5v\/copy?usp=sharing&amp;ouid=116153127319007900951&amp;rtpof=true&amp;sd=true\"><span style=\"font-weight: 400\">descargar modelo<\/span><\/a><span style=\"font-weight: 400\">)<\/span><\/p>\n<p><span style=\"color: #097031\"><b>3. Comprobantes de antecedentes CV<\/b><span style=\"font-weight: 400\"><br \/>\n<\/span><\/span><\/p>\n<p style=\"padding-left: 40px\"><span style=\"font-weight: 400\">Un archivo PDF en donde se suban los comprobantes de los antecedentes consignados en el CV (resoluciones de ayudant\u00edas, certificados de congresos, certificados de adscripciones, entre otros) siguiendo el mismo orden de presentaci\u00f3n.<\/span><\/p>\n<p><span style=\"color: #097031\"><strong>4. <span style=\"font-size: 12pt\">Estudiantes<\/span><\/strong><\/span><span style=\"font-size: 12pt\"><strong>:<\/strong><\/span><span style=\"font-weight: 400\"> Certificado de Proyecto de Trabajo Final de Licenciatura o plan de Pr\u00e1ctica Profesional Supervisada aprobado por Escuela o Departamento.<\/span><\/p>\n<p><b><span style=\"color: #097031\">Egresade reciente<\/span> <\/b>(no m\u00e1s de dos a\u00f1os antes de la postulaci\u00f3n): <span style=\"font-weight: 400\">Constancia de la aceptaci\u00f3n <\/span><b>del\/la directora\/a del equipo de investigaci\u00f3n<\/b><span style=\"font-weight: 400\">, justificando la vinculaci\u00f3n del proyecto del postulante con el tema del equipo.<\/span><\/p>\n<p><span style=\"color: #097031\"><b>5. Certificado anal\u00edtico firmado por Despacho de alumnos\u00a0<\/b><\/span><\/p>\n<p style=\"padding-left: 40px\"><span style=\"font-weight: 400\">Quien no cuente con dicha certificaci\u00f3n podr\u00e1 solicitarlo, con la mayor anticipaci\u00f3n posible, <\/span><a href=\"https:\/\/blogs.ffyh.unc.edu.ar\/casaVerde\/estudiantes\/solicitud-de-certificado-analitico\/solicitud-de-certificados-analiticos-via-web\/\"><span style=\"font-weight: 400\">en el siguiente enlace<\/span><\/a><span style=\"font-weight: 400\"> (10 d\u00edas h\u00e1biles de demora)<\/span><\/p>\n<p><span style=\"font-weight: 400\"><span style=\"color: #097031\"><strong>6. Proyecto de investigaci\u00f3n<\/strong><\/span> (<\/span><a href=\"https:\/\/docs.google.com\/document\/d\/1JWTui3io9Tq_b-cJT_AasNTuIxiugvfY\/edit?usp=sharing&amp;ouid=116153127319007900951&amp;rtpof=true&amp;sd=true\"><span style=\"font-weight: 400\">siguiendo las pautas correspondientes<\/span><\/a><span style=\"font-weight: 400\">)\u00a0<\/span><\/p>\n<p><span style=\"font-weight: 400\"><strong><span style=\"color: #097031\">7. CV Director\/a<\/span> <\/strong>(SIGEVA o CVAR)<\/span><span style=\"font-weight: 400\"><br \/>\n<\/span><span style=\"font-weight: 400\">CV Co-Director\/a (SIGEVA o CVAR) en caso que corresponda.<\/span><\/p>\n<hr \/>\n<blockquote>\n<h3><span style=\"font-family: georgia, palatino, serif;color: #097031\"><span style=\"color: #ffffff;font-size: 14pt\">PREGUNTAS FRECUENTES<\/span><br \/>\n<\/span><\/h3>\n<\/blockquote>\n<p><span style=\"color: #097031\"><em><span style=\"font-weight: 400\">\u00bfSe puede presentar la actuaci\u00f3n acad\u00e9mica que emite el sistema Guaran\u00ed en lugar del Certificado anal\u00edtico?<\/span><\/em><\/span><\/p>\n<p><span style=\"font-weight: 400\">No, el \u00fanico comprobante v\u00e1lido es el certificado anal\u00edtico emitido por el Despacho de alumnos, que debe tramitarse con tiempo en el siguiente formulario: ingresar<\/span><\/p>\n<p><span style=\"color: #097031\"><em><span style=\"font-weight: 400\">\u00bfPara postular como estudiante hay que formar parte de un equipo de investigaci\u00f3n acreditado?<\/span><\/em><\/span><\/p>\n<p><span style=\"font-weight: 400\">No, si el estudiante integra un equipo de investigaci\u00f3n se valorar\u00e1 como antecedente al momento de otorgar puntaje, pero no es un requisito excluyente (s\u00f3lo es requisito excluyente para los postulantes de la categor\u00eda egresades).<\/span><\/p>\n<p><span style=\"color: #097031\"><em><span style=\"font-weight: 400\">\u00bfLes estudiantes tambi\u00e9n deben establecer lugar de trabajo?<\/span><\/em><\/span><\/p>\n<p><span style=\"font-weight: 400\">Si, todas las categor\u00edas de postulantes deben establecer lugar de trabajo en uno de los centros para investigaci\u00f3n de la FFyH, fijados en el reglamento (deben dirigirse a los correos electr\u00f3nicos indicados arriba para gestionar las firmas correspondientes).<\/span><\/p>\n<p><span style=\"color: #097031\"><em><span style=\"font-weight: 400\">\u00bfC\u00f3mo se certifica la aprobaci\u00f3n del proyecto de TFL o PPS?<\/span><\/em><\/span><\/p>\n<p><span style=\"font-weight: 400\">Con copia del acta de aprobaci\u00f3n del tribunal evaluador, copia del Acta de Consejo Consultivo donde conste la aprobaci\u00f3n del proyecto o certificaci\u00f3n ad hoc emitida por la Escuela o Departamento correspondiente. Cualquiera de los documentos debe tener firma y sello institucional (o firma electr\u00f3nica del sistema GDE).<br \/>\n<\/span><\/p>\n<hr \/>\n<p><span style=\"font-family: georgia, palatino, serif;color: #097031\"><span style=\"font-size: 14pt\"><strong>Charla informativa\u00a0para Becas de Iniciaci\u00f3n SEICyT-FFyH<br \/>\n<\/strong><\/span><\/span><span style=\"font-family: georgia, palatino, serif;color: #097031\"><span style=\"font-size: 12pt;color: #000000\"><strong>Lunes<\/strong> <strong>6 de octubre<\/strong>, <strong>12 hs. <\/strong>(virtual)<img loading=\"lazy\" decoding=\"async\" class=\"wp-image-5457 alignright\" src=\"http:\/\/ffyh.unc.edu.ar\/secyt\/wp-content\/uploads\/sites\/22\/2025\/09\/BECA-INICIACION-2025-Publicacion-feed.png\" alt=\"\" width=\"323\" height=\"323\" srcset=\"https:\/\/ffyh.unc.edu.ar\/secyt\/wp-content\/uploads\/sites\/22\/2025\/09\/BECA-INICIACION-2025-Publicacion-feed.png 1890w, https:\/\/ffyh.unc.edu.ar\/secyt\/wp-content\/uploads\/sites\/22\/2025\/09\/BECA-INICIACION-2025-Publicacion-feed-300x300.png 300w, https:\/\/ffyh.unc.edu.ar\/secyt\/wp-content\/uploads\/sites\/22\/2025\/09\/BECA-INICIACION-2025-Publicacion-feed-1024x1024.png 1024w, https:\/\/ffyh.unc.edu.ar\/secyt\/wp-content\/uploads\/sites\/22\/2025\/09\/BECA-INICIACION-2025-Publicacion-feed-150x150.png 150w, https:\/\/ffyh.unc.edu.ar\/secyt\/wp-content\/uploads\/sites\/22\/2025\/09\/BECA-INICIACION-2025-Publicacion-feed-768x768.png 768w, https:\/\/ffyh.unc.edu.ar\/secyt\/wp-content\/uploads\/sites\/22\/2025\/09\/BECA-INICIACION-2025-Publicacion-feed-1536x1536.png 1536w, https:\/\/ffyh.unc.edu.ar\/secyt\/wp-content\/uploads\/sites\/22\/2025\/09\/BECA-INICIACION-2025-Publicacion-feed-1320x1320.png 1320w\" sizes=\"auto, (max-width: 323px) 100vw, 323px\" \/><br \/>\nEnlace de la reuni\u00f3n: <\/span><\/span><span style=\"font-size: 12pt\"><a href=\"https:\/\/meet.google.com\/kay-djqq-piv?hs=224\" target=\"_blank\" rel=\"noopener\" data-saferedirecturl=\"https:\/\/www.google.com\/url?q=https:\/\/meet.google.com\/kay-djqq-piv?hs%3D224&amp;source=gmail&amp;ust=1758643542679000&amp;usg=AOvVaw3xkItxnSvq65gSg6iXuvTG\">meet.google.com\/kay-djqq-piv<\/a><\/span><\/p>\n<p><span style=\"font-weight: 400\"><span style=\"font-size: 14pt;color: #097031;font-family: georgia, palatino, serif\"><strong>C<\/strong><\/span><\/span><span style=\"font-weight: 400\"><span style=\"font-size: 14pt;color: #097031;font-family: georgia, palatino, serif\"><strong>onsultas:<\/strong> <\/span>secyt@ffyh.unc.edu.ar<\/span><\/p>\n<p><strong style=\"color: #097031;font-family: georgia, palatino, serif;font-size: 18.6667px\">\u00a0<\/strong><\/p>\n<h3><span style=\"font-family: georgia, palatino, serif;color: #097031\">\u00a0<\/span><\/h3>\n","protected":false},"excerpt":{"rendered":"<p>Desde el 22 de septiembre al 24 de octubre\u00a0abierta la convocatoria para Becas de Iniciaci\u00f3n en la Investigaci\u00f3n 2025.<\/p>\n","protected":false},"author":8,"featured_media":5416,"comment_status":"closed","ping_status":"closed","sticky":false,"template":"","format":"standard","meta":{"_acf_changed":false,"colormag_page_container_layout":"default_layout","colormag_page_sidebar_layout":"default_layout","footnotes":""},"categories":[2],"tags":[],"class_list":["post-5409","post","type-post","status-publish","format-standard","has-post-thumbnail","hentry","category-convocatorias"],"acf":[],"jetpack_featured_media_url":"https:\/\/ffyh.unc.edu.ar\/secyt\/wp-content\/uploads\/sites\/22\/2025\/09\/Diseno-sin-titulo-scaled.png","_links":{"self":[{"href":"https:\/\/ffyh.unc.edu.ar\/secyt\/wp-json\/wp\/v2\/posts\/5409","targetHints":{"allow":["GET"]}}],"collection":[{"href":"https:\/\/ffyh.unc.edu.ar\/secyt\/wp-json\/wp\/v2\/posts"}],"about":[{"href":"https:\/\/ffyh.unc.edu.ar\/secyt\/wp-json\/wp\/v2\/types\/post"}],"author":[{"embeddable":true,"href":"https:\/\/ffyh.unc.edu.ar\/secyt\/wp-json\/wp\/v2\/users\/8"}],"replies":[{"embeddable":true,"href":"https:\/\/ffyh.unc.edu.ar\/secyt\/wp-json\/wp\/v2\/comments?post=5409"}],"version-history":[{"count":19,"href":"https:\/\/ffyh.unc.edu.ar\/secyt\/wp-json\/wp\/v2\/posts\/5409\/revisions"}],"predecessor-version":[{"id":5459,"href":"https:\/\/ffyh.unc.edu.ar\/secyt\/wp-json\/wp\/v2\/posts\/5409\/revisions\/5459"}],"wp:featuredmedia":[{"embeddable":true,"href":"https:\/\/ffyh.unc.edu.ar\/secyt\/wp-json\/wp\/v2\/media\/5416"}],"wp:attachment":[{"href":"https:\/\/ffyh.unc.edu.ar\/secyt\/wp-json\/wp\/v2\/media?parent=5409"}],"wp:term":[{"taxonomy":"category","embeddable":true,"href":"https:\/\/ffyh.unc.edu.ar\/secyt\/wp-json\/wp\/v2\/categories?post=5409"},{"taxonomy":"post_tag","embeddable":true,"href":"https:\/\/ffyh.unc.edu.ar\/secyt\/wp-json\/wp\/v2\/tags?post=5409"}],"curies":[{"name":"wp","href":"https:\/\/api.w.org\/{rel}","templated":true}]}}