{"id":5580,"date":"2026-02-25T17:03:17","date_gmt":"2026-02-25T17:03:17","guid":{"rendered":"https:\/\/ffyh.unc.edu.ar\/secyt\/?p=5580"},"modified":"2026-02-25T17:14:30","modified_gmt":"2026-02-25T17:14:30","slug":"%f0%9f%93%a3-convocatoria-revista-sintesis-no-19","status":"publish","type":"post","link":"https:\/\/ffyh.unc.edu.ar\/secyt\/sin-categoria\/%f0%9f%93%a3-convocatoria-revista-sintesis-no-19\/","title":{"rendered":"\ud83d\udce3 Convocatoria | Revista S\u00cdNTESIS N\u00ba 19"},"content":{"rendered":"<p><b>Nueva convocatoria de la Revista S\u00edntesis N\u00ba19 | <\/b><b>A\u00f1o 2026<br \/>\n<\/b><\/p>\n<p><!--more--><\/p>\n<p><span style=\"font-weight: 400\">\u270d\ufe0f Se encuentra abierta la convocatoria para recibir\u00a0<b><i>art\u00edculos\u00a0<\/i><\/b>elaborados por egresades de nuestra facultad a partir de sus Trabajos Finales de Licenciatura.<br \/>\nLa recepci\u00f3n de art\u00edculos se encuentra abierta de <\/span><b><i>manera permanente<\/i><\/b><span style=\"font-weight: 400\">. Invitamos a todes les interesades que hayan defendido su Trabajo Final de Licenciatura en<\/span><b><i> los \u00faltimos dos a\u00f1os <\/i><\/b><span style=\"font-weight: 400\">(contados hacia atr\u00e0s desde la fecha de env\u00edo del art\u00edculo inclusive) a presentar sus propuestas para formar parte del pr\u00f3ximo n\u00famero de S\u00edntesis.<\/span><span style=\"font-weight: 400\"><br \/>\n<\/span><span style=\"font-weight: 400\"><br \/>\n<\/span><span style=\"font-weight: 400\">La publicaci\u00f3n de la revista tiene una <\/span><i><span style=\"font-weight: 400\">periodicidad semestral<\/span><\/i><span style=\"font-weight: 400\"> (enero-junio y julio-diciembre). <\/span><span style=\"font-weight: 400\"><br \/>\n<\/span><span style=\"font-weight: 400\"><br \/>\n<\/span><span style=\"font-weight: 400\">El tiempo estimado entre la recepci\u00f3n de las contribuciones y su publicaci\u00f3n (en caso de ser aceptada) depender\u00e1 de los tiempos del proceso de referato y de los procesos editoriales. En promedio, entre los seis meses y el a\u00f1o de recibida la contribuci\u00f3n.\u00a0 <\/span><\/p>\n<p><span style=\"font-weight: 400\">Pueden consultar las directrices para autores en <\/span><span style=\"color: #0000ff\"><a style=\"color: #0000ff\" href=\"https:\/\/revistas.unc.edu.ar\/index.php\/sintesis\/about\/submissions\"><span style=\"font-weight: 400\">el siguiente link<\/span><\/a><\/span><br \/>\n<span style=\"font-weight: 400\"><br \/>\n<\/span><span style=\"font-weight: 400\">\ud83d\udce3 Asimismo, nos complace anunciar que este a\u00f1o, la <\/span><i><span style=\"font-weight: 400\">Revista S\u00edntesis<\/span><\/i><span style=\"font-weight: 400\"> inaugurar\u00e1 una <\/span><strong><i>nueva secci\u00f3n<\/i><\/strong><span style=\"font-weight: 400\"> especialmente destinada a visibilizar todas las producciones acad\u00e9micas de les egresades de grado y posgrado de nuestra facultad. En este espacio podr\u00e1n conocer los t\u00edtulos y res\u00famenes de los Trabajos Finales de Licenciatura y de las Tesis Doctorales defendidas en nuestra instituci\u00f3n. Esta nueva secci\u00f3n funcionar\u00e1 como un<strong> repositorio p\u00fablico y de libre acceso para toda la comunidad<\/strong>.<br \/>\n<\/span><span style=\"font-weight: 400\"><br \/>\n<\/span><span style=\"font-weight: 400\">La sistematizaci\u00f3n de esta informaci\u00f3n estar\u00e1 coordinada por la Secretar\u00eda de Investigaci\u00f3n, Ciencia y T\u00e9cnica de la Facultad, en conjunto con la Secretar\u00eda de Posgrado, Secretar\u00eda acad\u00e9mica y las Escuelas y Departamentos de la Facultad, permitiendo un trabajo institucional en conjunto para <strong>difundir la producci\u00f3n acad\u00e9mica de nuestres egresades, visibilizar las l\u00edneas de investigaci\u00f3n que se consolidan en nuestra facultad y fortalecer los lazos institucionales<\/strong>.<\/span><\/p>\n<hr \/>\n<p><span style=\"font-weight: 400\">Para m\u00e1s informaci\u00f3n: <span style=\"color: #0000ff\"><a style=\"color: #0000ff\" href=\"https:\/\/revistas.unc.edu.ar\/index.php\/sintesis\/about\/submissions\">https:\/\/revistas.unc.edu.ar\/index.php\/sintesis\/about\/submissions<\/a><\/span><\/span><\/p>\n<p>Para consultas comunicarse con: <span style=\"color: #0000ff\">revista.sintesis@ffyh.unc.edu.ar\u00a0<\/span><\/p>\n","protected":false},"excerpt":{"rendered":"<p>Nueva convocatoria de la Revista S\u00edntesis N\u00ba19 | A\u00f1o 2026<\/p>\n","protected":false},"author":8,"featured_media":5583,"comment_status":"closed","ping_status":"closed","sticky":false,"template":"","format":"image","meta":{"_acf_changed":false,"colormag_page_container_layout":"default_layout","colormag_page_sidebar_layout":"default_layout","footnotes":""},"categories":[2,1],"tags":[],"class_list":["post-5580","post","type-post","status-publish","format-image","has-post-thumbnail","hentry","category-convocatorias","category-sin-categoria","post_format-post-format-image"],"acf":[],"jetpack_featured_media_url":"https:\/\/ffyh.unc.edu.ar\/secyt\/wp-content\/uploads\/sites\/22\/2026\/02\/Publicacion-sintesis--e1772038984888.png","_links":{"self":[{"href":"https:\/\/ffyh.unc.edu.ar\/secyt\/wp-json\/wp\/v2\/posts\/5580","targetHints":{"allow":["GET"]}}],"collection":[{"href":"https:\/\/ffyh.unc.edu.ar\/secyt\/wp-json\/wp\/v2\/posts"}],"about":[{"href":"https:\/\/ffyh.unc.edu.ar\/secyt\/wp-json\/wp\/v2\/types\/post"}],"author":[{"embeddable":true,"href":"https:\/\/ffyh.unc.edu.ar\/secyt\/wp-json\/wp\/v2\/users\/8"}],"replies":[{"embeddable":true,"href":"https:\/\/ffyh.unc.edu.ar\/secyt\/wp-json\/wp\/v2\/comments?post=5580"}],"version-history":[{"count":7,"href":"https:\/\/ffyh.unc.edu.ar\/secyt\/wp-json\/wp\/v2\/posts\/5580\/revisions"}],"predecessor-version":[{"id":5588,"href":"https:\/\/ffyh.unc.edu.ar\/secyt\/wp-json\/wp\/v2\/posts\/5580\/revisions\/5588"}],"wp:featuredmedia":[{"embeddable":true,"href":"https:\/\/ffyh.unc.edu.ar\/secyt\/wp-json\/wp\/v2\/media\/5583"}],"wp:attachment":[{"href":"https:\/\/ffyh.unc.edu.ar\/secyt\/wp-json\/wp\/v2\/media?parent=5580"}],"wp:term":[{"taxonomy":"category","embeddable":true,"href":"https:\/\/ffyh.unc.edu.ar\/secyt\/wp-json\/wp\/v2\/categories?post=5580"},{"taxonomy":"post_tag","embeddable":true,"href":"https:\/\/ffyh.unc.edu.ar\/secyt\/wp-json\/wp\/v2\/tags?post=5580"}],"curies":[{"name":"wp","href":"https:\/\/api.w.org\/{rel}","templated":true}]}}