{"id":317,"date":"2025-09-29T17:50:18","date_gmt":"2025-09-29T15:50:18","guid":{"rendered":"https:\/\/ffyh.unc.edu.ar\/tosco50\/?p=317"},"modified":"2025-10-29T17:55:15","modified_gmt":"2025-10-29T16:55:15","slug":"se-formo-una-comision-de-homenaje-en-la-ffyh-por-los-50-anos-del-fallecimiento-de-agustin-tosco","status":"publish","type":"post","link":"https:\/\/ffyh.unc.edu.ar\/tosco50\/2025\/09\/29\/se-formo-una-comision-de-homenaje-en-la-ffyh-por-los-50-anos-del-fallecimiento-de-agustin-tosco\/","title":{"rendered":"Se form\u00f3 una comisi\u00f3n de homenaje en la FFyH por los 50 a\u00f1os del fallecimiento de Agust\u00edn Tosco"},"content":{"rendered":"<p><em>Fue <a href=\"https:\/\/ffyh.unc.edu.ar\/tosco50\/institucional\/\">aprobada por el Consejo Directivo en su sesi\u00f3n del lunes 8 de septiembre<\/a>, asumiendo la iniciativa del claustro de egresadxs como acci\u00f3n institucional. En este marco, se realizar\u00e1n una serie de actividades hasta el mes de noviembre. La primera reuni\u00f3n informativa ser\u00e1 el lunes 22 de septiembre a las 18 hs, de manera virtual.<\/em><\/p>\n<p><!--more--><\/p>\n<p>El 5 de noviembre de 2025 se cumplen 50 a\u00f1os del fallecimiento de Agust\u00edn Tosco, figura fundamental de las luchas populares cordobesas y en la construcci\u00f3n de v\u00ednculos de solidaridad entre el movimiento obrero y estudiantil durante las d\u00e9cadas centrales del siglo XX.<\/p>\n<p>Este aniversario se presenta como una oportunidad para realizar actividades de formaci\u00f3n hist\u00f3rica, reflexi\u00f3n pol\u00edtica, vinculaci\u00f3n territorial e institucional. A lo largo del tiempo, la Facultad de Filosof\u00eda y Humanidades efectu\u00f3 una serie de acciones sobre la construcci\u00f3n de la memoria en torno a las luchas obreras protagonizadas por Tosco y, en este marco, el Consejo Directivo de la FFyH aprob\u00f3 la constituci\u00f3n de una comisi\u00f3n de homenaje por el aniversario del fallecimiento de Agust\u00edn Tosco, que tendr\u00e1 como objetivo realizar distintas acciones de memoria que involucren a la comunidad educativa de la Facultad y otras instituciones que deseen participar, con el fin de visibilizar actividades, lugares, intervenciones, que hacen a la evocaci\u00f3n del dirigente gremial en nuestra instituci\u00f3n, y que llevar\u00e1 como lema \u201c<em>Huellas de Agust\u00edn Tosco en la Facultad de Filosof\u00eda y Humanidades \u2013 UNC: presente en la memoria colectiva a 50 a\u00f1os de su fallecimiento<\/em>\u201d.<\/p>\n<p>La solicitud fue presentada por las consejeras de Egresadxs por la Universidad P\u00fablica, a partir de la cual el HCD, por unanimidad, aprob\u00f3 la constituci\u00f3n de una Comisi\u00f3n de Homenaje coordinada por Ana Elisa Arriaga, Bianca Tosco, M\u00f3nica Gordillo, Marcela Cena, Fulvio Stanis y Agostina Gentili. La primera reuni\u00f3n informativa ser\u00e1 el lunes 22 de septiembre a las 18 hs, de manera virtual. Lxs interesadxs pueden inscribirse en\u00a0<a href=\"https:\/\/forms.gle\/36u1DyrTNmL4g16AA\" target=\"_blank\" rel=\"noopener\">https:\/\/forms.gle\/36u1DyrTNmL4g16AA<\/a>\u00a0o escribir a\u00a0<a href=\"mailto:homenajeagustintosco@gmail.com\">homenajeagustintosco@gmail.com<\/a><\/p>\n<p><strong>Adem\u00e1s, se invita a los distintos espacios, sectores e integrantes de todos los claustros de la Facultad que deseen participar en la realizaci\u00f3n de actividades que ser\u00e1n organizadas para esta conmemoraci\u00f3n.<\/strong><\/p>\n<p>Agust\u00edn Tosco fue uno de los principales dirigentes gremiales de la provincia de C\u00f3rdoba y del pa\u00eds. Varias veces electo como secretario general del Sindicato de Luz y Fuerza de C\u00f3rdoba, es reconocido fundamentalmente por su participaci\u00f3n en el Cordobazo en articulaci\u00f3n con otros gremios y sindicalistas como Atilio L\u00f3pez (UTA), Elpidio Torres (SMATA) y sectores estudiantiles.<\/p>\n<p>Durante su vida, a pesar de sufrir reiteradamente la c\u00e1rcel, sostuvo los ideales de justicia social, liberaci\u00f3n nacional y soberan\u00eda popular. Esto lo llev\u00f3 a mantener importantes v\u00ednculos de amistad y militancia con estudiantes de nuestra Facultad, como Alfredo \u201cCuqui\u201d Curuchet y Susana Lesgart, entre otros. En 1975, en un contexto de deslegitimidad pol\u00edtica derivada del golpe policial al gobierno de C\u00f3rdoba, conocido como \u201cNavarrazo\u201d, y la posterior intervenci\u00f3n de la provincia, fue perseguido y amenazado de muerte por grupos parapoliciales como la Triple A (Alianza Anticomunista Argentina).<\/p>\n<p>Al mismo tiempo, desde el estado provincial y el poder judicial se lo empuj\u00f3 a la clandestinidad a partir de causas penales sin evidencias reales. Como consecuencia de esta situaci\u00f3n debi\u00f3 ocultarse, fue cesanteado de su trabajo y enferm\u00f3 sin poder recibir asistencia m\u00e9dica, lo que lo llev\u00f3 a la muerte.<\/p>\n<p><em>Fotograf\u00eda de portada: archivo Biblioteca Nacional Mariano Moreno<\/em><\/p>\n<p style=\"text-align: right\">C\u00f3rdoba, septiembre de 2025<\/p>\n<p><a href=\"https:\/\/ffyh.unc.edu.ar\/wp-content\/uploads\/2025\/09\/comision-tosco-50-anos.jpeg\"><img loading=\"lazy\" decoding=\"async\" class=\"alignnone size-full wp-image-30955\" src=\"https:\/\/ffyh.unc.edu.ar\/wp-content\/uploads\/2025\/09\/comision-tosco-50-anos.jpeg\" alt=\"\" width=\"1270\" height=\"1600\" \/><\/a><\/p>\n","protected":false},"excerpt":{"rendered":"<p>Fue aprobada por el Consejo Directivo en su sesi\u00f3n del lunes 8 de septiembre, asumiendo la iniciativa del claustro de<\/p>\n","protected":false},"author":3,"featured_media":318,"comment_status":"closed","ping_status":"closed","sticky":false,"template":"","format":"standard","meta":{"_acf_changed":false,"colormag_page_container_layout":"default_layout","colormag_page_sidebar_layout":"default_layout","footnotes":""},"categories":[1],"tags":[],"class_list":["post-317","post","type-post","status-publish","format-standard","has-post-thumbnail","hentry","category-sin-categoria"],"acf":[],"yoast_head":"<!-- This site is optimized with the Yoast SEO plugin v27.1.1 - https:\/\/yoast.com\/product\/yoast-seo-wordpress\/ -->\n<title>Se form\u00f3 una comisi\u00f3n de homenaje en la FFyH por los 50 a\u00f1os del fallecimiento de Agust\u00edn Tosco - Agust\u00edn Tosco | A 50 a\u00f1os de su fallecimiento<\/title>\n<meta name=\"robots\" content=\"index, follow, max-snippet:-1, max-image-preview:large, max-video-preview:-1\" \/>\n<link rel=\"canonical\" href=\"https:\/\/ffyh.unc.edu.ar\/tosco50\/2025\/09\/29\/se-formo-una-comision-de-homenaje-en-la-ffyh-por-los-50-anos-del-fallecimiento-de-agustin-tosco\/\" \/>\n<meta property=\"og:locale\" content=\"es_ES\" \/>\n<meta property=\"og:type\" content=\"article\" \/>\n<meta property=\"og:title\" content=\"Se form\u00f3 una comisi\u00f3n de homenaje en la FFyH por los 50 a\u00f1os del fallecimiento de Agust\u00edn Tosco - Agust\u00edn Tosco | A 50 a\u00f1os de su fallecimiento\" \/>\n<meta property=\"og:description\" content=\"Fue aprobada por el Consejo Directivo en su sesi\u00f3n del lunes 8 de septiembre, asumiendo la iniciativa del claustro de\" \/>\n<meta property=\"og:url\" content=\"https:\/\/ffyh.unc.edu.ar\/tosco50\/2025\/09\/29\/se-formo-una-comision-de-homenaje-en-la-ffyh-por-los-50-anos-del-fallecimiento-de-agustin-tosco\/\" \/>\n<meta property=\"og:site_name\" content=\"Agust\u00edn Tosco | A 50 a\u00f1os de su fallecimiento\" \/>\n<meta property=\"article:publisher\" content=\"https:\/\/www.facebook.com\/ffyh.unc\/\" \/>\n<meta property=\"article:published_time\" content=\"2025-09-29T15:50:18+00:00\" \/>\n<meta property=\"article:modified_time\" content=\"2025-10-29T16:55:15+00:00\" \/>\n<meta property=\"og:image\" content=\"http:\/\/ffyh.unc.edu.ar\/tosco50\/wp-content\/uploads\/sites\/53\/2025\/10\/liberacion-e1757593612502-735x400-1.jpg\" \/>\n\t<meta property=\"og:image:width\" content=\"735\" \/>\n\t<meta property=\"og:image:height\" content=\"400\" \/>\n\t<meta property=\"og:image:type\" content=\"image\/jpeg\" \/>\n<meta name=\"author\" content=\"extension\" \/>\n<meta name=\"twitter:card\" content=\"summary_large_image\" \/>\n<meta name=\"twitter:label1\" content=\"Escrito por\" \/>\n\t<meta name=\"twitter:data1\" content=\"\" \/>\n\t<meta name=\"twitter:label2\" content=\"Tiempo de lectura\" \/>\n\t<meta name=\"twitter:data2\" content=\"3 minutos\" \/>\n<script type=\"application\/ld+json\" class=\"yoast-schema-graph\">{\"@context\":\"https:\/\/schema.org\",\"@graph\":[{\"@type\":\"Article\",\"@id\":\"https:\/\/ffyh.unc.edu.ar\/tosco50\/2025\/09\/29\/se-formo-una-comision-de-homenaje-en-la-ffyh-por-los-50-anos-del-fallecimiento-de-agustin-tosco\/#article\",\"isPartOf\":{\"@id\":\"https:\/\/ffyh.unc.edu.ar\/tosco50\/2025\/09\/29\/se-formo-una-comision-de-homenaje-en-la-ffyh-por-los-50-anos-del-fallecimiento-de-agustin-tosco\/\"},\"author\":{\"name\":\"extension\",\"@id\":\"https:\/\/ffyh.unc.edu.ar\/tosco50\/#\/schema\/person\/c429cdff3a192a7081944182246c3689\"},\"headline\":\"Se form\u00f3 una comisi\u00f3n de homenaje en la FFyH por los 50 a\u00f1os del fallecimiento de Agust\u00edn Tosco\",\"datePublished\":\"2025-09-29T15:50:18+00:00\",\"dateModified\":\"2025-10-29T16:55:15+00:00\",\"mainEntityOfPage\":{\"@id\":\"https:\/\/ffyh.unc.edu.ar\/tosco50\/2025\/09\/29\/se-formo-una-comision-de-homenaje-en-la-ffyh-por-los-50-anos-del-fallecimiento-de-agustin-tosco\/\"},\"wordCount\":625,\"image\":{\"@id\":\"https:\/\/ffyh.unc.edu.ar\/tosco50\/2025\/09\/29\/se-formo-una-comision-de-homenaje-en-la-ffyh-por-los-50-anos-del-fallecimiento-de-agustin-tosco\/#primaryimage\"},\"thumbnailUrl\":\"https:\/\/ffyh.unc.edu.ar\/tosco50\/wp-content\/uploads\/sites\/53\/2025\/10\/liberacion-e1757593612502-735x400-1.jpg\",\"inLanguage\":\"es\"},{\"@type\":\"WebPage\",\"@id\":\"https:\/\/ffyh.unc.edu.ar\/tosco50\/2025\/09\/29\/se-formo-una-comision-de-homenaje-en-la-ffyh-por-los-50-anos-del-fallecimiento-de-agustin-tosco\/\",\"url\":\"https:\/\/ffyh.unc.edu.ar\/tosco50\/2025\/09\/29\/se-formo-una-comision-de-homenaje-en-la-ffyh-por-los-50-anos-del-fallecimiento-de-agustin-tosco\/\",\"name\":\"Se form\u00f3 una comisi\u00f3n de homenaje en la FFyH por los 50 a\u00f1os del fallecimiento de Agust\u00edn Tosco - Agust\u00edn Tosco | A 50 a\u00f1os de su fallecimiento\",\"isPartOf\":{\"@id\":\"https:\/\/ffyh.unc.edu.ar\/tosco50\/#website\"},\"primaryImageOfPage\":{\"@id\":\"https:\/\/ffyh.unc.edu.ar\/tosco50\/2025\/09\/29\/se-formo-una-comision-de-homenaje-en-la-ffyh-por-los-50-anos-del-fallecimiento-de-agustin-tosco\/#primaryimage\"},\"image\":{\"@id\":\"https:\/\/ffyh.unc.edu.ar\/tosco50\/2025\/09\/29\/se-formo-una-comision-de-homenaje-en-la-ffyh-por-los-50-anos-del-fallecimiento-de-agustin-tosco\/#primaryimage\"},\"thumbnailUrl\":\"https:\/\/ffyh.unc.edu.ar\/tosco50\/wp-content\/uploads\/sites\/53\/2025\/10\/liberacion-e1757593612502-735x400-1.jpg\",\"datePublished\":\"2025-09-29T15:50:18+00:00\",\"dateModified\":\"2025-10-29T16:55:15+00:00\",\"author\":{\"@id\":\"https:\/\/ffyh.unc.edu.ar\/tosco50\/#\/schema\/person\/c429cdff3a192a7081944182246c3689\"},\"breadcrumb\":{\"@id\":\"https:\/\/ffyh.unc.edu.ar\/tosco50\/2025\/09\/29\/se-formo-una-comision-de-homenaje-en-la-ffyh-por-los-50-anos-del-fallecimiento-de-agustin-tosco\/#breadcrumb\"},\"inLanguage\":\"es\",\"potentialAction\":[{\"@type\":\"ReadAction\",\"target\":[\"https:\/\/ffyh.unc.edu.ar\/tosco50\/2025\/09\/29\/se-formo-una-comision-de-homenaje-en-la-ffyh-por-los-50-anos-del-fallecimiento-de-agustin-tosco\/\"]}]},{\"@type\":\"ImageObject\",\"inLanguage\":\"es\",\"@id\":\"https:\/\/ffyh.unc.edu.ar\/tosco50\/2025\/09\/29\/se-formo-una-comision-de-homenaje-en-la-ffyh-por-los-50-anos-del-fallecimiento-de-agustin-tosco\/#primaryimage\",\"url\":\"https:\/\/ffyh.unc.edu.ar\/tosco50\/wp-content\/uploads\/sites\/53\/2025\/10\/liberacion-e1757593612502-735x400-1.jpg\",\"contentUrl\":\"https:\/\/ffyh.unc.edu.ar\/tosco50\/wp-content\/uploads\/sites\/53\/2025\/10\/liberacion-e1757593612502-735x400-1.jpg\",\"width\":735,\"height\":400},{\"@type\":\"BreadcrumbList\",\"@id\":\"https:\/\/ffyh.unc.edu.ar\/tosco50\/2025\/09\/29\/se-formo-una-comision-de-homenaje-en-la-ffyh-por-los-50-anos-del-fallecimiento-de-agustin-tosco\/#breadcrumb\",\"itemListElement\":[{\"@type\":\"ListItem\",\"position\":1,\"name\":\"Portada\",\"item\":\"https:\/\/ffyh.unc.edu.ar\/tosco50\/\"},{\"@type\":\"ListItem\",\"position\":2,\"name\":\"Se form\u00f3 una comisi\u00f3n de homenaje en la FFyH por los 50 a\u00f1os del fallecimiento de Agust\u00edn Tosco\"}]},{\"@type\":\"WebSite\",\"@id\":\"https:\/\/ffyh.unc.edu.ar\/tosco50\/#website\",\"url\":\"https:\/\/ffyh.unc.edu.ar\/tosco50\/\",\"name\":\"Agust\u00edn Tosco | A 50 a\u00f1os de su fallecimiento\",\"description\":\"\",\"potentialAction\":[{\"@type\":\"SearchAction\",\"target\":{\"@type\":\"EntryPoint\",\"urlTemplate\":\"https:\/\/ffyh.unc.edu.ar\/tosco50\/?s={search_term_string}\"},\"query-input\":{\"@type\":\"PropertyValueSpecification\",\"valueRequired\":true,\"valueName\":\"search_term_string\"}}],\"inLanguage\":\"es\"},{\"@type\":\"Person\",\"@id\":\"https:\/\/ffyh.unc.edu.ar\/tosco50\/#\/schema\/person\/c429cdff3a192a7081944182246c3689\",\"name\":\"extension\",\"image\":{\"@type\":\"ImageObject\",\"inLanguage\":\"es\",\"@id\":\"https:\/\/ffyh.unc.edu.ar\/tosco50\/#\/schema\/person\/image\/\",\"url\":\"https:\/\/secure.gravatar.com\/avatar\/00ae22940f50ccbc389b4624e1499c672d3904d542213446e6dacc1081867cfc?s=96&d=mm&r=g\",\"contentUrl\":\"https:\/\/secure.gravatar.com\/avatar\/00ae22940f50ccbc389b4624e1499c672d3904d542213446e6dacc1081867cfc?s=96&d=mm&r=g\",\"caption\":\"extension\"},\"url\":\"https:\/\/ffyh.unc.edu.ar\/tosco50\/author\/extension\/\"}]}<\/script>\n<!-- \/ Yoast SEO plugin. -->","yoast_head_json":{"title":"Se form\u00f3 una comisi\u00f3n de homenaje en la FFyH por los 50 a\u00f1os del fallecimiento de Agust\u00edn Tosco - Agust\u00edn Tosco | A 50 a\u00f1os de su fallecimiento","robots":{"index":"index","follow":"follow","max-snippet":"max-snippet:-1","max-image-preview":"max-image-preview:large","max-video-preview":"max-video-preview:-1"},"canonical":"https:\/\/ffyh.unc.edu.ar\/tosco50\/2025\/09\/29\/se-formo-una-comision-de-homenaje-en-la-ffyh-por-los-50-anos-del-fallecimiento-de-agustin-tosco\/","og_locale":"es_ES","og_type":"article","og_title":"Se form\u00f3 una comisi\u00f3n de homenaje en la FFyH por los 50 a\u00f1os del fallecimiento de Agust\u00edn Tosco - Agust\u00edn Tosco | A 50 a\u00f1os de su fallecimiento","og_description":"Fue aprobada por el Consejo Directivo en su sesi\u00f3n del lunes 8 de septiembre, asumiendo la iniciativa del claustro de","og_url":"https:\/\/ffyh.unc.edu.ar\/tosco50\/2025\/09\/29\/se-formo-una-comision-de-homenaje-en-la-ffyh-por-los-50-anos-del-fallecimiento-de-agustin-tosco\/","og_site_name":"Agust\u00edn Tosco | A 50 a\u00f1os de su fallecimiento","article_publisher":"https:\/\/www.facebook.com\/ffyh.unc\/","article_published_time":"2025-09-29T15:50:18+00:00","article_modified_time":"2025-10-29T16:55:15+00:00","og_image":[{"width":735,"height":400,"url":"http:\/\/ffyh.unc.edu.ar\/tosco50\/wp-content\/uploads\/sites\/53\/2025\/10\/liberacion-e1757593612502-735x400-1.jpg","type":"image\/jpeg"}],"author":"extension","twitter_card":"summary_large_image","twitter_misc":{"Escrito por":false,"Tiempo de lectura":"3 minutos"},"schema":{"@context":"https:\/\/schema.org","@graph":[{"@type":"Article","@id":"https:\/\/ffyh.unc.edu.ar\/tosco50\/2025\/09\/29\/se-formo-una-comision-de-homenaje-en-la-ffyh-por-los-50-anos-del-fallecimiento-de-agustin-tosco\/#article","isPartOf":{"@id":"https:\/\/ffyh.unc.edu.ar\/tosco50\/2025\/09\/29\/se-formo-una-comision-de-homenaje-en-la-ffyh-por-los-50-anos-del-fallecimiento-de-agustin-tosco\/"},"author":{"name":"extension","@id":"https:\/\/ffyh.unc.edu.ar\/tosco50\/#\/schema\/person\/c429cdff3a192a7081944182246c3689"},"headline":"Se form\u00f3 una comisi\u00f3n de homenaje en la FFyH por los 50 a\u00f1os del fallecimiento de Agust\u00edn Tosco","datePublished":"2025-09-29T15:50:18+00:00","dateModified":"2025-10-29T16:55:15+00:00","mainEntityOfPage":{"@id":"https:\/\/ffyh.unc.edu.ar\/tosco50\/2025\/09\/29\/se-formo-una-comision-de-homenaje-en-la-ffyh-por-los-50-anos-del-fallecimiento-de-agustin-tosco\/"},"wordCount":625,"image":{"@id":"https:\/\/ffyh.unc.edu.ar\/tosco50\/2025\/09\/29\/se-formo-una-comision-de-homenaje-en-la-ffyh-por-los-50-anos-del-fallecimiento-de-agustin-tosco\/#primaryimage"},"thumbnailUrl":"https:\/\/ffyh.unc.edu.ar\/tosco50\/wp-content\/uploads\/sites\/53\/2025\/10\/liberacion-e1757593612502-735x400-1.jpg","inLanguage":"es"},{"@type":"WebPage","@id":"https:\/\/ffyh.unc.edu.ar\/tosco50\/2025\/09\/29\/se-formo-una-comision-de-homenaje-en-la-ffyh-por-los-50-anos-del-fallecimiento-de-agustin-tosco\/","url":"https:\/\/ffyh.unc.edu.ar\/tosco50\/2025\/09\/29\/se-formo-una-comision-de-homenaje-en-la-ffyh-por-los-50-anos-del-fallecimiento-de-agustin-tosco\/","name":"Se form\u00f3 una comisi\u00f3n de homenaje en la FFyH por los 50 a\u00f1os del fallecimiento de Agust\u00edn Tosco - Agust\u00edn Tosco | A 50 a\u00f1os de su fallecimiento","isPartOf":{"@id":"https:\/\/ffyh.unc.edu.ar\/tosco50\/#website"},"primaryImageOfPage":{"@id":"https:\/\/ffyh.unc.edu.ar\/tosco50\/2025\/09\/29\/se-formo-una-comision-de-homenaje-en-la-ffyh-por-los-50-anos-del-fallecimiento-de-agustin-tosco\/#primaryimage"},"image":{"@id":"https:\/\/ffyh.unc.edu.ar\/tosco50\/2025\/09\/29\/se-formo-una-comision-de-homenaje-en-la-ffyh-por-los-50-anos-del-fallecimiento-de-agustin-tosco\/#primaryimage"},"thumbnailUrl":"https:\/\/ffyh.unc.edu.ar\/tosco50\/wp-content\/uploads\/sites\/53\/2025\/10\/liberacion-e1757593612502-735x400-1.jpg","datePublished":"2025-09-29T15:50:18+00:00","dateModified":"2025-10-29T16:55:15+00:00","author":{"@id":"https:\/\/ffyh.unc.edu.ar\/tosco50\/#\/schema\/person\/c429cdff3a192a7081944182246c3689"},"breadcrumb":{"@id":"https:\/\/ffyh.unc.edu.ar\/tosco50\/2025\/09\/29\/se-formo-una-comision-de-homenaje-en-la-ffyh-por-los-50-anos-del-fallecimiento-de-agustin-tosco\/#breadcrumb"},"inLanguage":"es","potentialAction":[{"@type":"ReadAction","target":["https:\/\/ffyh.unc.edu.ar\/tosco50\/2025\/09\/29\/se-formo-una-comision-de-homenaje-en-la-ffyh-por-los-50-anos-del-fallecimiento-de-agustin-tosco\/"]}]},{"@type":"ImageObject","inLanguage":"es","@id":"https:\/\/ffyh.unc.edu.ar\/tosco50\/2025\/09\/29\/se-formo-una-comision-de-homenaje-en-la-ffyh-por-los-50-anos-del-fallecimiento-de-agustin-tosco\/#primaryimage","url":"https:\/\/ffyh.unc.edu.ar\/tosco50\/wp-content\/uploads\/sites\/53\/2025\/10\/liberacion-e1757593612502-735x400-1.jpg","contentUrl":"https:\/\/ffyh.unc.edu.ar\/tosco50\/wp-content\/uploads\/sites\/53\/2025\/10\/liberacion-e1757593612502-735x400-1.jpg","width":735,"height":400},{"@type":"BreadcrumbList","@id":"https:\/\/ffyh.unc.edu.ar\/tosco50\/2025\/09\/29\/se-formo-una-comision-de-homenaje-en-la-ffyh-por-los-50-anos-del-fallecimiento-de-agustin-tosco\/#breadcrumb","itemListElement":[{"@type":"ListItem","position":1,"name":"Portada","item":"https:\/\/ffyh.unc.edu.ar\/tosco50\/"},{"@type":"ListItem","position":2,"name":"Se form\u00f3 una comisi\u00f3n de homenaje en la FFyH por los 50 a\u00f1os del fallecimiento de Agust\u00edn Tosco"}]},{"@type":"WebSite","@id":"https:\/\/ffyh.unc.edu.ar\/tosco50\/#website","url":"https:\/\/ffyh.unc.edu.ar\/tosco50\/","name":"Agust\u00edn Tosco | A 50 a\u00f1os de su fallecimiento","description":"","potentialAction":[{"@type":"SearchAction","target":{"@type":"EntryPoint","urlTemplate":"https:\/\/ffyh.unc.edu.ar\/tosco50\/?s={search_term_string}"},"query-input":{"@type":"PropertyValueSpecification","valueRequired":true,"valueName":"search_term_string"}}],"inLanguage":"es"},{"@type":"Person","@id":"https:\/\/ffyh.unc.edu.ar\/tosco50\/#\/schema\/person\/c429cdff3a192a7081944182246c3689","name":"extension","image":{"@type":"ImageObject","inLanguage":"es","@id":"https:\/\/ffyh.unc.edu.ar\/tosco50\/#\/schema\/person\/image\/","url":"https:\/\/secure.gravatar.com\/avatar\/00ae22940f50ccbc389b4624e1499c672d3904d542213446e6dacc1081867cfc?s=96&d=mm&r=g","contentUrl":"https:\/\/secure.gravatar.com\/avatar\/00ae22940f50ccbc389b4624e1499c672d3904d542213446e6dacc1081867cfc?s=96&d=mm&r=g","caption":"extension"},"url":"https:\/\/ffyh.unc.edu.ar\/tosco50\/author\/extension\/"}]}},"jetpack_featured_media_url":"https:\/\/ffyh.unc.edu.ar\/tosco50\/wp-content\/uploads\/sites\/53\/2025\/10\/liberacion-e1757593612502-735x400-1.jpg","_links":{"self":[{"href":"https:\/\/ffyh.unc.edu.ar\/tosco50\/wp-json\/wp\/v2\/posts\/317","targetHints":{"allow":["GET"]}}],"collection":[{"href":"https:\/\/ffyh.unc.edu.ar\/tosco50\/wp-json\/wp\/v2\/posts"}],"about":[{"href":"https:\/\/ffyh.unc.edu.ar\/tosco50\/wp-json\/wp\/v2\/types\/post"}],"author":[{"embeddable":true,"href":"https:\/\/ffyh.unc.edu.ar\/tosco50\/wp-json\/wp\/v2\/users\/3"}],"replies":[{"embeddable":true,"href":"https:\/\/ffyh.unc.edu.ar\/tosco50\/wp-json\/wp\/v2\/comments?post=317"}],"version-history":[{"count":3,"href":"https:\/\/ffyh.unc.edu.ar\/tosco50\/wp-json\/wp\/v2\/posts\/317\/revisions"}],"predecessor-version":[{"id":321,"href":"https:\/\/ffyh.unc.edu.ar\/tosco50\/wp-json\/wp\/v2\/posts\/317\/revisions\/321"}],"wp:featuredmedia":[{"embeddable":true,"href":"https:\/\/ffyh.unc.edu.ar\/tosco50\/wp-json\/wp\/v2\/media\/318"}],"wp:attachment":[{"href":"https:\/\/ffyh.unc.edu.ar\/tosco50\/wp-json\/wp\/v2\/media?parent=317"}],"wp:term":[{"taxonomy":"category","embeddable":true,"href":"https:\/\/ffyh.unc.edu.ar\/tosco50\/wp-json\/wp\/v2\/categories?post=317"},{"taxonomy":"post_tag","embeddable":true,"href":"https:\/\/ffyh.unc.edu.ar\/tosco50\/wp-json\/wp\/v2\/tags?post=317"}],"curies":[{"name":"wp","href":"https:\/\/api.w.org\/{rel}","templated":true}]}}